{"id":942,"date":"2016-12-06T18:17:34","date_gmt":"2016-12-06T18:17:34","guid":{"rendered":"https:\/\/www.vegaintro-projekti.com\/pilar-stari\/2016\/12\/06\/25-godina-casopisa-drustvena-istrazivanja\/"},"modified":"2017-12-06T14:42:00","modified_gmt":"2017-12-06T14:42:00","slug":"25-godina-casopisa-drustvena-istrazivanja","status":"publish","type":"post","link":"https:\/\/www.vegaintro-projekti.com\/pilar-stari\/2016\/12\/25-godina-casopisa-drustvena-istrazivanja\/","title":{"rendered":"25 godina \u010dasopisa DRU\u0160TVENA ISTRA\u017dIVANJA"},"content":{"rendered":"<p><strong>U povodu 25. obljetnice izla\u017eenja \u010dasopisa DRU\u0160TVENA ISTRA\u017dIVANJA Institut Pilar organizirao je sve\u010dano&nbsp;obilje\u017eavanje 9. prosinca 2016. u Multimedijskoj dvorani Instituta, Maruli\u0107ev trg 19\/I, Zagreb.<br \/>&#8211; <a href=\"https:\/\/www.vegaintro-projekti.com\/pilar-stari\/wp-content\/images\/stories\/dokumenti\/drustvena_istrazivanja\/DI_25_godina_program.pdf\">Program<\/a> | <a href=\"#prezentacije\">Prezentacije<\/a><\/strong><\/p>\n<p><a href=\"https:\/\/www.vegaintro-projekti.com\/pilar-stari\/wp-content\/images\/stories\/dokumenti\/drustvena_istrazivanja\/DI_25_godina_program.pdf\"><img decoding=\"async\" loading=\"lazy\" src=\"https:\/\/www.vegaintro-projekti.com\/pilar-stari\/wp-content\/images\/stories\/fotografije\/publikacije\/di\/DI_25_godina_program.jpg\" alt=\"DI 25 godina program\" width=\"453\" height=\"640\" \/><\/a><\/p>\n<p>&#8211; <a href=\"https:\/\/www.vegaintro-projekti.com\/pilar-stari\/wp-content\/images\/stories\/dokumenti\/drustvena_istrazivanja\/DI_25_godina_program.pdf\">Program 25. obljetnice \u010dasopisa Dru\u0161tvena istra\u017eivanja; Zagreb, 9. prosinca 2016.<\/a><\/p>\n<p>U prvom dijelu, <em>Dru\u0161tvena istra\u017eivanja<\/em> \u2013 razvoj i budu\u0107nost, o po\u010decima, razvoju i budu\u0107nosti \u010dasopisa&nbsp;govorio je njegov prvi glavni urednik prof. dr. Sini\u0161a Zrin\u0161\u010dak i sada\u0161nja glavna urednica prof. dr. Renata&nbsp;Franc te urednice mr. sc. Gabrijela Sabol i dr. sc. Marica Marinovi\u0107 Golubi\u0107.<\/p>\n<p>Drugi dio obilje\u017eavanja bio je posve\u0107en Suvremenim trendovima u znanstvenom izdava\u0161tvu s izlaganjima prof. dr. Ane Maru\u0161i\u0107, doc. dr. Jadranke Stojanovski i prof. dr. Gorana Milasa.<\/p>\n<p><a name=\"prezentacije\">&nbsp;<\/a><\/p>\n<p><span style=\"font-size: 12pt;\">Prezentacije<\/span><\/p>\n<p><strong>&#8211; Mr. sc. Gabrijela Sabol, izvr\u0161na urednica i dr. sc. Marica Marinovi\u0107 Golubi\u0107, urednica-novakinja:<\/strong> <a href=\"https:\/\/www.vegaintro-projekti.com\/pilar-stari\/wp-content\/images\/stories\/dokumenti\/drustvena_istrazivanja\/25_godina\/Marinovic_Golubic.pdf\">25 godina Dru\u0161tvenih istra\u017eivanja<\/a><\/p>\n<p><strong>&#8211; Prof. dr. sc. Renata Franc, glavna i odgovorna urednica:<\/strong> <a href=\"https:\/\/www.vegaintro-projekti.com\/pilar-stari\/wp-content\/images\/stories\/dokumenti\/drustvena_istrazivanja\/25_godina\/Renata_Franc.pdf\">Dru\u0161tvena istra\u017eivanja, postignu\u0107a i izazovi<\/a><\/p>\n<p><strong>&#8211; Prof. dr. sc. Ana Maru\u0161i\u0107, predsjednica European Association of Science Editors (EASE):<\/strong> <a href=\"https:\/\/www.vegaintro-projekti.com\/pilar-stari\/wp-content\/images\/stories\/dokumenti\/drustvena_istrazivanja\/25_godina\/Ana_Marusic.pdf\">Odgovorno ure\u0111ivanje u znanstvenim \u010dasopisima<\/a><\/p>\n<p><strong>&#8211; Doc. dr. sc. Jadranka Stojanovski, predsjednica Savjeta Hr\u010dka:<\/strong> <a href=\"https:\/\/www.vegaintro-projekti.com\/pilar-stari\/wp-content\/images\/stories\/dokumenti\/drustvena_istrazivanja\/25_godina\/Jadranka_Stojanovski.pdf\">Znanstveno izdava\u0161tvo u kontekstu otvorenosti, korisnosti i upotrebljivosti<\/a><\/p>\n<p><span style=\"font-size: 12pt;\">&gt;&gt;&gt; <a href=\"https:\/\/www.vegaintro-projekti.com\/pilar-stari\/2008\/10\/drutvena-istraivanja\/\">O \u010dasopisu DRU\u0160TVENA ISTRA\u017dIVANJA<\/a><\/span><br \/><span style=\"font-size: 12pt;\">&gt;&gt;&gt; <a href=\"https:\/\/www.vegaintro-projekti.com\/pilar-stari\/2011\/05\/pregled-sadraja\/\">Pregled sadr\u017eaja s digitalnim arhivom<\/a><\/span><\/p>\n<p>&nbsp;<\/p>\n<p><\/p>\n","protected":false},"excerpt":{"rendered":"<p>U povodu 25. obljetnice izla\u017eenja \u010dasopisa DRU\u0160TVENA ISTRA\u017dIVANJA Institut Pilar organizirao je sve\u010dano&nbsp;obilje\u017eavanje 9. prosinca 2016. u Multimedijskoj dvorani Instituta, Maruli\u0107ev trg 19\/I, Zagreb.&#8211; Program | Prezentacije &#8211; Program 25. obljetnice \u010dasopisa Dru\u0161tvena istra\u017eivanja; Zagreb, 9. prosinca 2016. U prvom dijelu, Dru\u0161tvena istra\u017eivanja \u2013 razvoj i budu\u0107nost, o po\u010decima, razvoju i budu\u0107nosti \u010dasopisa&nbsp;govorio je njegov&hellip; <a class=\"continue\" href=\"https:\/\/www.vegaintro-projekti.com\/pilar-stari\/2016\/12\/25-godina-casopisa-drustvena-istrazivanja\/\">Pro\u010ditaj vi\u0161e o<span> 25 godina \u010dasopisa DRU\u0160TVENA ISTRA\u017dIVANJA<\/span><\/a><\/p>\n","protected":false},"author":1,"featured_media":0,"comment_status":"open","ping_status":"open","sticky":false,"template":"","format":"standard","meta":{"inline_featured_image":false,"ngg_post_thumbnail":0,"footnotes":""},"categories":[11],"tags":[],"yoast_head":"<!-- This site is optimized with the Yoast SEO plugin v21.2 - https:\/\/yoast.com\/wordpress\/plugins\/seo\/ -->\n<title>25 godina \u010dasopisa DRU\u0160TVENA ISTRA\u017dIVANJA - Institut dru&scaron;tvenih znanosti Ivo Pilar<\/title>\n<meta name=\"robots\" content=\"noindex, follow, max-snippet:-1, max-image-preview:large, max-video-preview:-1\" \/>\n<meta property=\"og:locale\" content=\"hr_HR\" \/>\n<meta property=\"og:type\" content=\"article\" \/>\n<meta property=\"og:title\" content=\"25 godina \u010dasopisa DRU\u0160TVENA ISTRA\u017dIVANJA - Institut dru&scaron;tvenih znanosti Ivo Pilar\" \/>\n<meta property=\"og:description\" content=\"U povodu 25. obljetnice izla\u017eenja \u010dasopisa DRU\u0160TVENA ISTRA\u017dIVANJA Institut Pilar organizirao je sve\u010dano&nbsp;obilje\u017eavanje 9. prosinca 2016. u Multimedijskoj dvorani Instituta, Maruli\u0107ev trg 19\/I, Zagreb.&#8211; Program | Prezentacije &#8211; Program 25. obljetnice \u010dasopisa Dru\u0161tvena istra\u017eivanja; Zagreb, 9. prosinca 2016. U prvom dijelu, Dru\u0161tvena istra\u017eivanja \u2013 razvoj i budu\u0107nost, o po\u010decima, razvoju i budu\u0107nosti \u010dasopisa&nbsp;govorio je njegov&hellip; Pro\u010ditaj vi\u0161e o 25 godina \u010dasopisa DRU\u0160TVENA ISTRA\u017dIVANJA\" \/>\n<meta property=\"og:url\" content=\"https:\/\/www.vegaintro-projekti.com\/pilar-stari\/2016\/12\/25-godina-casopisa-drustvena-istrazivanja\/\" \/>\n<meta property=\"og:site_name\" content=\"Institut dru&scaron;tvenih znanosti Ivo Pilar\" \/>\n<meta property=\"article:published_time\" content=\"2016-12-06T18:17:34+00:00\" \/>\n<meta property=\"article:modified_time\" content=\"2017-12-06T14:42:00+00:00\" \/>\n<meta property=\"og:image\" content=\"https:\/\/www.vegaintro-projekti.com\/pilar-stari\/wp-content\/images\/stories\/fotografije\/publikacije\/di\/DI_25_godina_program.jpg\" \/>\n<meta name=\"author\" content=\"pilar-admin\" \/>\n<meta name=\"twitter:card\" content=\"summary_large_image\" \/>\n<meta name=\"twitter:label1\" content=\"Napisao\/la\" \/>\n\t<meta name=\"twitter:data1\" content=\"pilar-admin\" \/>\n\t<meta name=\"twitter:label2\" content=\"Procijenjeno vrijeme \u010ditanja\" \/>\n\t<meta name=\"twitter:data2\" content=\"1 minuta\" \/>\n<script type=\"application\/ld+json\" class=\"yoast-schema-graph\">{\"@context\":\"https:\/\/schema.org\",\"@graph\":[{\"@type\":\"WebPage\",\"@id\":\"https:\/\/www.vegaintro-projekti.com\/pilar-stari\/2016\/12\/25-godina-casopisa-drustvena-istrazivanja\/\",\"url\":\"https:\/\/www.vegaintro-projekti.com\/pilar-stari\/2016\/12\/25-godina-casopisa-drustvena-istrazivanja\/\",\"name\":\"25 godina \u010dasopisa DRU\u0160TVENA ISTRA\u017dIVANJA - Institut dru&scaron;tvenih znanosti Ivo Pilar\",\"isPartOf\":{\"@id\":\"https:\/\/www.vegaintro-projekti.com\/pilar-stari\/#website\"},\"datePublished\":\"2016-12-06T18:17:34+00:00\",\"dateModified\":\"2017-12-06T14:42:00+00:00\",\"author\":{\"@id\":\"https:\/\/www.vegaintro-projekti.com\/pilar-stari\/#\/schema\/person\/c0db50ebd77c4409e19b18044bbf10c1\"},\"breadcrumb\":{\"@id\":\"https:\/\/www.vegaintro-projekti.com\/pilar-stari\/2016\/12\/25-godina-casopisa-drustvena-istrazivanja\/#breadcrumb\"},\"inLanguage\":\"hr\",\"potentialAction\":[{\"@type\":\"ReadAction\",\"target\":[\"https:\/\/www.vegaintro-projekti.com\/pilar-stari\/2016\/12\/25-godina-casopisa-drustvena-istrazivanja\/\"]}]},{\"@type\":\"BreadcrumbList\",\"@id\":\"https:\/\/www.vegaintro-projekti.com\/pilar-stari\/2016\/12\/25-godina-casopisa-drustvena-istrazivanja\/#breadcrumb\",\"itemListElement\":[{\"@type\":\"ListItem\",\"position\":1,\"name\":\"Home\",\"item\":\"https:\/\/www.vegaintro-projekti.com\/pilar-stari\/\"},{\"@type\":\"ListItem\",\"position\":2,\"name\":\"25 godina \u010dasopisa DRU\u0160TVENA ISTRA\u017dIVANJA\"}]},{\"@type\":\"WebSite\",\"@id\":\"https:\/\/www.vegaintro-projekti.com\/pilar-stari\/#website\",\"url\":\"https:\/\/www.vegaintro-projekti.com\/pilar-stari\/\",\"name\":\"Institut dru&scaron;tvenih znanosti Ivo Pilar\",\"description\":\"Pilar\",\"potentialAction\":[{\"@type\":\"SearchAction\",\"target\":{\"@type\":\"EntryPoint\",\"urlTemplate\":\"https:\/\/www.vegaintro-projekti.com\/pilar-stari\/?s={search_term_string}\"},\"query-input\":\"required name=search_term_string\"}],\"inLanguage\":\"hr\"},{\"@type\":\"Person\",\"@id\":\"https:\/\/www.vegaintro-projekti.com\/pilar-stari\/#\/schema\/person\/c0db50ebd77c4409e19b18044bbf10c1\",\"name\":\"pilar-admin\",\"image\":{\"@type\":\"ImageObject\",\"inLanguage\":\"hr\",\"@id\":\"https:\/\/www.vegaintro-projekti.com\/pilar-stari\/#\/schema\/person\/image\/\",\"url\":\"https:\/\/secure.gravatar.com\/avatar\/fac9e03c4db0011b9c1ad8b5e9c74b8c?s=96&d=mm&r=g\",\"contentUrl\":\"https:\/\/secure.gravatar.com\/avatar\/fac9e03c4db0011b9c1ad8b5e9c74b8c?s=96&d=mm&r=g\",\"caption\":\"pilar-admin\"},\"url\":\"https:\/\/www.vegaintro-projekti.com\/pilar-stari\/author\/pilar-admin\/\"}]}<\/script>\n<!-- \/ Yoast SEO plugin. -->","yoast_head_json":{"title":"25 godina \u010dasopisa DRU\u0160TVENA ISTRA\u017dIVANJA - Institut dru&scaron;tvenih znanosti Ivo Pilar","robots":{"index":"noindex","follow":"follow","max-snippet":"max-snippet:-1","max-image-preview":"max-image-preview:large","max-video-preview":"max-video-preview:-1"},"og_locale":"hr_HR","og_type":"article","og_title":"25 godina \u010dasopisa DRU\u0160TVENA ISTRA\u017dIVANJA - Institut dru&scaron;tvenih znanosti Ivo Pilar","og_description":"U povodu 25. obljetnice izla\u017eenja \u010dasopisa DRU\u0160TVENA ISTRA\u017dIVANJA Institut Pilar organizirao je sve\u010dano&nbsp;obilje\u017eavanje 9. prosinca 2016. u Multimedijskoj dvorani Instituta, Maruli\u0107ev trg 19\/I, Zagreb.&#8211; Program | Prezentacije &#8211; Program 25. obljetnice \u010dasopisa Dru\u0161tvena istra\u017eivanja; Zagreb, 9. prosinca 2016. U prvom dijelu, Dru\u0161tvena istra\u017eivanja \u2013 razvoj i budu\u0107nost, o po\u010decima, razvoju i budu\u0107nosti \u010dasopisa&nbsp;govorio je njegov&hellip; Pro\u010ditaj vi\u0161e o 25 godina \u010dasopisa DRU\u0160TVENA ISTRA\u017dIVANJA","og_url":"https:\/\/www.vegaintro-projekti.com\/pilar-stari\/2016\/12\/25-godina-casopisa-drustvena-istrazivanja\/","og_site_name":"Institut dru&scaron;tvenih znanosti Ivo Pilar","article_published_time":"2016-12-06T18:17:34+00:00","article_modified_time":"2017-12-06T14:42:00+00:00","og_image":[{"url":"https:\/\/www.vegaintro-projekti.com\/pilar-stari\/wp-content\/images\/stories\/fotografije\/publikacije\/di\/DI_25_godina_program.jpg"}],"author":"pilar-admin","twitter_card":"summary_large_image","twitter_misc":{"Napisao\/la":"pilar-admin","Procijenjeno vrijeme \u010ditanja":"1 minuta"},"schema":{"@context":"https:\/\/schema.org","@graph":[{"@type":"WebPage","@id":"https:\/\/www.vegaintro-projekti.com\/pilar-stari\/2016\/12\/25-godina-casopisa-drustvena-istrazivanja\/","url":"https:\/\/www.vegaintro-projekti.com\/pilar-stari\/2016\/12\/25-godina-casopisa-drustvena-istrazivanja\/","name":"25 godina \u010dasopisa DRU\u0160TVENA ISTRA\u017dIVANJA - Institut dru&scaron;tvenih znanosti Ivo Pilar","isPartOf":{"@id":"https:\/\/www.vegaintro-projekti.com\/pilar-stari\/#website"},"datePublished":"2016-12-06T18:17:34+00:00","dateModified":"2017-12-06T14:42:00+00:00","author":{"@id":"https:\/\/www.vegaintro-projekti.com\/pilar-stari\/#\/schema\/person\/c0db50ebd77c4409e19b18044bbf10c1"},"breadcrumb":{"@id":"https:\/\/www.vegaintro-projekti.com\/pilar-stari\/2016\/12\/25-godina-casopisa-drustvena-istrazivanja\/#breadcrumb"},"inLanguage":"hr","potentialAction":[{"@type":"ReadAction","target":["https:\/\/www.vegaintro-projekti.com\/pilar-stari\/2016\/12\/25-godina-casopisa-drustvena-istrazivanja\/"]}]},{"@type":"BreadcrumbList","@id":"https:\/\/www.vegaintro-projekti.com\/pilar-stari\/2016\/12\/25-godina-casopisa-drustvena-istrazivanja\/#breadcrumb","itemListElement":[{"@type":"ListItem","position":1,"name":"Home","item":"https:\/\/www.vegaintro-projekti.com\/pilar-stari\/"},{"@type":"ListItem","position":2,"name":"25 godina \u010dasopisa DRU\u0160TVENA ISTRA\u017dIVANJA"}]},{"@type":"WebSite","@id":"https:\/\/www.vegaintro-projekti.com\/pilar-stari\/#website","url":"https:\/\/www.vegaintro-projekti.com\/pilar-stari\/","name":"Institut dru&scaron;tvenih znanosti Ivo Pilar","description":"Pilar","potentialAction":[{"@type":"SearchAction","target":{"@type":"EntryPoint","urlTemplate":"https:\/\/www.vegaintro-projekti.com\/pilar-stari\/?s={search_term_string}"},"query-input":"required name=search_term_string"}],"inLanguage":"hr"},{"@type":"Person","@id":"https:\/\/www.vegaintro-projekti.com\/pilar-stari\/#\/schema\/person\/c0db50ebd77c4409e19b18044bbf10c1","name":"pilar-admin","image":{"@type":"ImageObject","inLanguage":"hr","@id":"https:\/\/www.vegaintro-projekti.com\/pilar-stari\/#\/schema\/person\/image\/","url":"https:\/\/secure.gravatar.com\/avatar\/fac9e03c4db0011b9c1ad8b5e9c74b8c?s=96&d=mm&r=g","contentUrl":"https:\/\/secure.gravatar.com\/avatar\/fac9e03c4db0011b9c1ad8b5e9c74b8c?s=96&d=mm&r=g","caption":"pilar-admin"},"url":"https:\/\/www.vegaintro-projekti.com\/pilar-stari\/author\/pilar-admin\/"}]}},"_links":{"self":[{"href":"https:\/\/www.vegaintro-projekti.com\/pilar-stari\/wp-json\/wp\/v2\/posts\/942"}],"collection":[{"href":"https:\/\/www.vegaintro-projekti.com\/pilar-stari\/wp-json\/wp\/v2\/posts"}],"about":[{"href":"https:\/\/www.vegaintro-projekti.com\/pilar-stari\/wp-json\/wp\/v2\/types\/post"}],"author":[{"embeddable":true,"href":"https:\/\/www.vegaintro-projekti.com\/pilar-stari\/wp-json\/wp\/v2\/users\/1"}],"replies":[{"embeddable":true,"href":"https:\/\/www.vegaintro-projekti.com\/pilar-stari\/wp-json\/wp\/v2\/comments?post=942"}],"version-history":[{"count":3,"href":"https:\/\/www.vegaintro-projekti.com\/pilar-stari\/wp-json\/wp\/v2\/posts\/942\/revisions"}],"predecessor-version":[{"id":5995,"href":"https:\/\/www.vegaintro-projekti.com\/pilar-stari\/wp-json\/wp\/v2\/posts\/942\/revisions\/5995"}],"wp:attachment":[{"href":"https:\/\/www.vegaintro-projekti.com\/pilar-stari\/wp-json\/wp\/v2\/media?parent=942"}],"wp:term":[{"taxonomy":"category","embeddable":true,"href":"https:\/\/www.vegaintro-projekti.com\/pilar-stari\/wp-json\/wp\/v2\/categories?post=942"},{"taxonomy":"post_tag","embeddable":true,"href":"https:\/\/www.vegaintro-projekti.com\/pilar-stari\/wp-json\/wp\/v2\/tags?post=942"}],"curies":[{"name":"wp","href":"https:\/\/api.w.org\/{rel}","templated":true}]}}