{"id":947,"date":"2016-11-19T10:26:00","date_gmt":"2016-11-19T10:26:00","guid":{"rendered":"https:\/\/www.vegaintro-projekti.com\/pilar-stari\/2016\/11\/19\/predstavljanje-monografije-90-godina-elektricnog-tramvaja-u-osijeku\/"},"modified":"2017-12-07T13:17:09","modified_gmt":"2017-12-07T13:17:09","slug":"predstavljanje-monografije-90-godina-elektricnog-tramvaja-u-osijeku","status":"publish","type":"post","link":"https:\/\/www.vegaintro-projekti.com\/pilar-stari\/2016\/11\/predstavljanje-monografije-90-godina-elektricnog-tramvaja-u-osijeku\/","title":{"rendered":"Predstavljanje monografije 90 godina elektri\u010dnog tramvaja u Osijeku"},"content":{"rendered":"<p><strong>U povodu obilje\u017eavanja 90. godi\u0161njice pu\u0161tanja u promet elektri\u010dnog tramvaja u Osijeku 12. prosinca 2016. u prostoru Hrvatskog narodnog kazali\u0161ta Osijek promovirana je monografija Josipa Na\u0111a 90 GODINA ELEKTRI\u010cNOG TRAMVAJA U OSIJEKU. Knjigu je uredio prof. ddr. sc. Miljenko Brekalo, a recenzirala dr. sc. Anamarija Luki\u0107, djelatnici Podru\u010dnog centra Osijek Instituta dru\u0161tvenih znanosti Ivo Pilar koji su ujedno i predstavili knjigu javnosti. &#8211; <a href=\"#mediji\">Iz medija<\/a><\/strong><\/p>\n<p><img decoding=\"async\" loading=\"lazy\" src=\"https:\/\/www.vegaintro-projekti.com\/pilar-stari\/wp-content\/images\/stories\/fotografije\/podrucni\/osijek\/Tramvaj\/Os_tramvaj.jpg\" alt=\"Os tramvaj\" width=\"640\" height=\"423\" \/><\/p>\n<p><span style=\"font-size: 8pt;\"><strong>Predstavljanje monografije 90 godina elektri\u010dnog tramvaja u Osijeku; Osijek,&nbsp;12. prosinca 2016.<\/strong><\/span><\/p>\n<p>Knjiga kronolo\u0161ki, rije\u010dju i fotografijama opisuje razvoj osje\u010dkog tramvaja od konjske \u017eeljeznice, prete\u010de elektri\u010dnog tramvaja koja je po\u010dela voziti Osje\u010dane jo\u0161 1884. godine, do uvo\u0111enja i razvoja elektri\u010dnog tramvaja i gradskog javnog prijevoza sve do dana\u0161njih dana. Izdava\u010d monografije je Matica hrvatska ogranak Osijek, knjigu je uredio prof. ddr. sc. Miljenko Brekalo, a recenzirala dr. sc. Anamarija Luki\u0107, djelatnici Podru\u010dnog centra Osijek Instituta dru\u0161tvenih znanosti Ivo Pilar. Osje\u010dki Pilarovci su tako\u0111er i predstavili ovu knjigu javnosti, zajedno s predstavnikom izdava\u010da MH ogranka Osijek, te predstavnikom pokrovitelja, GPP d.o.o. Osijek.<\/p>\n<p><a name=\"mediji\">&nbsp;<\/a><br \/><span style=\"font-size: 12pt;\">Iz medija<\/span><\/p>\n<p><strong>&#8211; HRT Magazin:<\/strong> <a href=\"http:\/\/magazin.hrt.hr\/364764\/predstavljena-monografija-90-godina-elektricnog-tramvaja-u-osijeku\">&#8217;90 godina elektri\u010dnog tramvaja u Osijeku&#8217;, 12. prosinca 2016.<\/a><\/p>\n<p><strong>&#8211; Glas Slavonije:<\/strong> <a href=\"http:\/\/www.glas-slavonije.hr\/319822\/3\/Ponosni-smo-na-tresku-isto-kao-nasi-sugradjani-prije-90-godina\">Ponosni smo na &#8220;tresku&#8221; isto kao na\u0161i sugra\u0111ani prije 90 godina, 13. prosinca 2016.<\/a><\/p>\n<p><strong>&#8211; Osijek031.com:<\/strong> <a href=\"http:\/\/www.osijek031.com\/viewtopic.php?t=65272\">Osijek obilje\u017eio 90. ro\u0111endan elektri\u010dnog tramvaja u gradu, 13. prosinca 2016.<\/a><\/p>\n<p>&nbsp;<\/p>\n<p>&gt;&gt;&gt; <a href=\"https:\/\/www.vegaintro-projekti.com\/pilar-stari\/2008\/10\/podruni-centar-osijek\/\">PODRU\u010cNI CENTAR OSIJEK<\/a><\/p>\n","protected":false},"excerpt":{"rendered":"<p>U povodu obilje\u017eavanja 90. godi\u0161njice pu\u0161tanja u promet elektri\u010dnog tramvaja u Osijeku 12. prosinca 2016. u prostoru Hrvatskog narodnog kazali\u0161ta Osijek promovirana je monografija Josipa Na\u0111a 90 GODINA ELEKTRI\u010cNOG TRAMVAJA U OSIJEKU. Knjigu je uredio prof. ddr. sc. Miljenko Brekalo, a recenzirala dr. sc. Anamarija Luki\u0107, djelatnici Podru\u010dnog centra Osijek Instituta dru\u0161tvenih znanosti Ivo Pilar&hellip; <a class=\"continue\" href=\"https:\/\/www.vegaintro-projekti.com\/pilar-stari\/2016\/11\/predstavljanje-monografije-90-godina-elektricnog-tramvaja-u-osijeku\/\">Pro\u010ditaj vi\u0161e o<span> Predstavljanje monografije 90 godina elektri\u010dnog tramvaja u Osijeku<\/span><\/a><\/p>\n","protected":false},"author":1,"featured_media":0,"comment_status":"open","ping_status":"open","sticky":false,"template":"","format":"standard","meta":{"inline_featured_image":false,"ngg_post_thumbnail":0,"footnotes":""},"categories":[11],"tags":[],"yoast_head":"<!-- This site is optimized with the Yoast SEO plugin v21.2 - https:\/\/yoast.com\/wordpress\/plugins\/seo\/ -->\n<title>Predstavljanje monografije 90 godina elektri\u010dnog tramvaja u Osijeku - Institut dru&scaron;tvenih znanosti Ivo Pilar<\/title>\n<meta name=\"robots\" content=\"noindex, follow, max-snippet:-1, max-image-preview:large, max-video-preview:-1\" \/>\n<meta property=\"og:locale\" content=\"hr_HR\" \/>\n<meta property=\"og:type\" content=\"article\" \/>\n<meta property=\"og:title\" content=\"Predstavljanje monografije 90 godina elektri\u010dnog tramvaja u Osijeku - Institut dru&scaron;tvenih znanosti Ivo Pilar\" \/>\n<meta property=\"og:description\" content=\"U povodu obilje\u017eavanja 90. godi\u0161njice pu\u0161tanja u promet elektri\u010dnog tramvaja u Osijeku 12. prosinca 2016. u prostoru Hrvatskog narodnog kazali\u0161ta Osijek promovirana je monografija Josipa Na\u0111a 90 GODINA ELEKTRI\u010cNOG TRAMVAJA U OSIJEKU. Knjigu je uredio prof. ddr. sc. Miljenko Brekalo, a recenzirala dr. sc. Anamarija Luki\u0107, djelatnici Podru\u010dnog centra Osijek Instituta dru\u0161tvenih znanosti Ivo Pilar&hellip; Pro\u010ditaj vi\u0161e o Predstavljanje monografije 90 godina elektri\u010dnog tramvaja u Osijeku\" \/>\n<meta property=\"og:url\" content=\"https:\/\/www.vegaintro-projekti.com\/pilar-stari\/2016\/11\/predstavljanje-monografije-90-godina-elektricnog-tramvaja-u-osijeku\/\" \/>\n<meta property=\"og:site_name\" content=\"Institut dru&scaron;tvenih znanosti Ivo Pilar\" \/>\n<meta property=\"article:published_time\" content=\"2016-11-19T10:26:00+00:00\" \/>\n<meta property=\"article:modified_time\" content=\"2017-12-07T13:17:09+00:00\" \/>\n<meta property=\"og:image\" content=\"https:\/\/www.vegaintro-projekti.com\/pilar-stari\/wp-content\/images\/stories\/fotografije\/podrucni\/osijek\/Tramvaj\/Os_tramvaj.jpg\" \/>\n<meta name=\"author\" content=\"pilar-admin\" \/>\n<meta name=\"twitter:card\" content=\"summary_large_image\" \/>\n<meta name=\"twitter:label1\" content=\"Napisao\/la\" \/>\n\t<meta name=\"twitter:data1\" content=\"pilar-admin\" \/>\n\t<meta name=\"twitter:label2\" content=\"Procijenjeno vrijeme \u010ditanja\" \/>\n\t<meta name=\"twitter:data2\" content=\"1 minuta\" \/>\n<script type=\"application\/ld+json\" class=\"yoast-schema-graph\">{\"@context\":\"https:\/\/schema.org\",\"@graph\":[{\"@type\":\"WebPage\",\"@id\":\"https:\/\/www.vegaintro-projekti.com\/pilar-stari\/2016\/11\/predstavljanje-monografije-90-godina-elektricnog-tramvaja-u-osijeku\/\",\"url\":\"https:\/\/www.vegaintro-projekti.com\/pilar-stari\/2016\/11\/predstavljanje-monografije-90-godina-elektricnog-tramvaja-u-osijeku\/\",\"name\":\"Predstavljanje monografije 90 godina elektri\u010dnog tramvaja u Osijeku - Institut dru&scaron;tvenih znanosti Ivo Pilar\",\"isPartOf\":{\"@id\":\"https:\/\/www.vegaintro-projekti.com\/pilar-stari\/#website\"},\"datePublished\":\"2016-11-19T10:26:00+00:00\",\"dateModified\":\"2017-12-07T13:17:09+00:00\",\"author\":{\"@id\":\"https:\/\/www.vegaintro-projekti.com\/pilar-stari\/#\/schema\/person\/c0db50ebd77c4409e19b18044bbf10c1\"},\"breadcrumb\":{\"@id\":\"https:\/\/www.vegaintro-projekti.com\/pilar-stari\/2016\/11\/predstavljanje-monografije-90-godina-elektricnog-tramvaja-u-osijeku\/#breadcrumb\"},\"inLanguage\":\"hr\",\"potentialAction\":[{\"@type\":\"ReadAction\",\"target\":[\"https:\/\/www.vegaintro-projekti.com\/pilar-stari\/2016\/11\/predstavljanje-monografije-90-godina-elektricnog-tramvaja-u-osijeku\/\"]}]},{\"@type\":\"BreadcrumbList\",\"@id\":\"https:\/\/www.vegaintro-projekti.com\/pilar-stari\/2016\/11\/predstavljanje-monografije-90-godina-elektricnog-tramvaja-u-osijeku\/#breadcrumb\",\"itemListElement\":[{\"@type\":\"ListItem\",\"position\":1,\"name\":\"Home\",\"item\":\"https:\/\/www.vegaintro-projekti.com\/pilar-stari\/\"},{\"@type\":\"ListItem\",\"position\":2,\"name\":\"Predstavljanje monografije 90 godina elektri\u010dnog tramvaja u Osijeku\"}]},{\"@type\":\"WebSite\",\"@id\":\"https:\/\/www.vegaintro-projekti.com\/pilar-stari\/#website\",\"url\":\"https:\/\/www.vegaintro-projekti.com\/pilar-stari\/\",\"name\":\"Institut dru&scaron;tvenih znanosti Ivo Pilar\",\"description\":\"Pilar\",\"potentialAction\":[{\"@type\":\"SearchAction\",\"target\":{\"@type\":\"EntryPoint\",\"urlTemplate\":\"https:\/\/www.vegaintro-projekti.com\/pilar-stari\/?s={search_term_string}\"},\"query-input\":\"required name=search_term_string\"}],\"inLanguage\":\"hr\"},{\"@type\":\"Person\",\"@id\":\"https:\/\/www.vegaintro-projekti.com\/pilar-stari\/#\/schema\/person\/c0db50ebd77c4409e19b18044bbf10c1\",\"name\":\"pilar-admin\",\"image\":{\"@type\":\"ImageObject\",\"inLanguage\":\"hr\",\"@id\":\"https:\/\/www.vegaintro-projekti.com\/pilar-stari\/#\/schema\/person\/image\/\",\"url\":\"https:\/\/secure.gravatar.com\/avatar\/fac9e03c4db0011b9c1ad8b5e9c74b8c?s=96&d=mm&r=g\",\"contentUrl\":\"https:\/\/secure.gravatar.com\/avatar\/fac9e03c4db0011b9c1ad8b5e9c74b8c?s=96&d=mm&r=g\",\"caption\":\"pilar-admin\"},\"url\":\"https:\/\/www.vegaintro-projekti.com\/pilar-stari\/author\/pilar-admin\/\"}]}<\/script>\n<!-- \/ Yoast SEO plugin. -->","yoast_head_json":{"title":"Predstavljanje monografije 90 godina elektri\u010dnog tramvaja u Osijeku - Institut dru&scaron;tvenih znanosti Ivo Pilar","robots":{"index":"noindex","follow":"follow","max-snippet":"max-snippet:-1","max-image-preview":"max-image-preview:large","max-video-preview":"max-video-preview:-1"},"og_locale":"hr_HR","og_type":"article","og_title":"Predstavljanje monografije 90 godina elektri\u010dnog tramvaja u Osijeku - Institut dru&scaron;tvenih znanosti Ivo Pilar","og_description":"U povodu obilje\u017eavanja 90. godi\u0161njice pu\u0161tanja u promet elektri\u010dnog tramvaja u Osijeku 12. prosinca 2016. u prostoru Hrvatskog narodnog kazali\u0161ta Osijek promovirana je monografija Josipa Na\u0111a 90 GODINA ELEKTRI\u010cNOG TRAMVAJA U OSIJEKU. Knjigu je uredio prof. ddr. sc. Miljenko Brekalo, a recenzirala dr. sc. Anamarija Luki\u0107, djelatnici Podru\u010dnog centra Osijek Instituta dru\u0161tvenih znanosti Ivo Pilar&hellip; Pro\u010ditaj vi\u0161e o Predstavljanje monografije 90 godina elektri\u010dnog tramvaja u Osijeku","og_url":"https:\/\/www.vegaintro-projekti.com\/pilar-stari\/2016\/11\/predstavljanje-monografije-90-godina-elektricnog-tramvaja-u-osijeku\/","og_site_name":"Institut dru&scaron;tvenih znanosti Ivo Pilar","article_published_time":"2016-11-19T10:26:00+00:00","article_modified_time":"2017-12-07T13:17:09+00:00","og_image":[{"url":"https:\/\/www.vegaintro-projekti.com\/pilar-stari\/wp-content\/images\/stories\/fotografije\/podrucni\/osijek\/Tramvaj\/Os_tramvaj.jpg"}],"author":"pilar-admin","twitter_card":"summary_large_image","twitter_misc":{"Napisao\/la":"pilar-admin","Procijenjeno vrijeme \u010ditanja":"1 minuta"},"schema":{"@context":"https:\/\/schema.org","@graph":[{"@type":"WebPage","@id":"https:\/\/www.vegaintro-projekti.com\/pilar-stari\/2016\/11\/predstavljanje-monografije-90-godina-elektricnog-tramvaja-u-osijeku\/","url":"https:\/\/www.vegaintro-projekti.com\/pilar-stari\/2016\/11\/predstavljanje-monografije-90-godina-elektricnog-tramvaja-u-osijeku\/","name":"Predstavljanje monografije 90 godina elektri\u010dnog tramvaja u Osijeku - Institut dru&scaron;tvenih znanosti Ivo Pilar","isPartOf":{"@id":"https:\/\/www.vegaintro-projekti.com\/pilar-stari\/#website"},"datePublished":"2016-11-19T10:26:00+00:00","dateModified":"2017-12-07T13:17:09+00:00","author":{"@id":"https:\/\/www.vegaintro-projekti.com\/pilar-stari\/#\/schema\/person\/c0db50ebd77c4409e19b18044bbf10c1"},"breadcrumb":{"@id":"https:\/\/www.vegaintro-projekti.com\/pilar-stari\/2016\/11\/predstavljanje-monografije-90-godina-elektricnog-tramvaja-u-osijeku\/#breadcrumb"},"inLanguage":"hr","potentialAction":[{"@type":"ReadAction","target":["https:\/\/www.vegaintro-projekti.com\/pilar-stari\/2016\/11\/predstavljanje-monografije-90-godina-elektricnog-tramvaja-u-osijeku\/"]}]},{"@type":"BreadcrumbList","@id":"https:\/\/www.vegaintro-projekti.com\/pilar-stari\/2016\/11\/predstavljanje-monografije-90-godina-elektricnog-tramvaja-u-osijeku\/#breadcrumb","itemListElement":[{"@type":"ListItem","position":1,"name":"Home","item":"https:\/\/www.vegaintro-projekti.com\/pilar-stari\/"},{"@type":"ListItem","position":2,"name":"Predstavljanje monografije 90 godina elektri\u010dnog tramvaja u Osijeku"}]},{"@type":"WebSite","@id":"https:\/\/www.vegaintro-projekti.com\/pilar-stari\/#website","url":"https:\/\/www.vegaintro-projekti.com\/pilar-stari\/","name":"Institut dru&scaron;tvenih znanosti Ivo Pilar","description":"Pilar","potentialAction":[{"@type":"SearchAction","target":{"@type":"EntryPoint","urlTemplate":"https:\/\/www.vegaintro-projekti.com\/pilar-stari\/?s={search_term_string}"},"query-input":"required name=search_term_string"}],"inLanguage":"hr"},{"@type":"Person","@id":"https:\/\/www.vegaintro-projekti.com\/pilar-stari\/#\/schema\/person\/c0db50ebd77c4409e19b18044bbf10c1","name":"pilar-admin","image":{"@type":"ImageObject","inLanguage":"hr","@id":"https:\/\/www.vegaintro-projekti.com\/pilar-stari\/#\/schema\/person\/image\/","url":"https:\/\/secure.gravatar.com\/avatar\/fac9e03c4db0011b9c1ad8b5e9c74b8c?s=96&d=mm&r=g","contentUrl":"https:\/\/secure.gravatar.com\/avatar\/fac9e03c4db0011b9c1ad8b5e9c74b8c?s=96&d=mm&r=g","caption":"pilar-admin"},"url":"https:\/\/www.vegaintro-projekti.com\/pilar-stari\/author\/pilar-admin\/"}]}},"_links":{"self":[{"href":"https:\/\/www.vegaintro-projekti.com\/pilar-stari\/wp-json\/wp\/v2\/posts\/947"}],"collection":[{"href":"https:\/\/www.vegaintro-projekti.com\/pilar-stari\/wp-json\/wp\/v2\/posts"}],"about":[{"href":"https:\/\/www.vegaintro-projekti.com\/pilar-stari\/wp-json\/wp\/v2\/types\/post"}],"author":[{"embeddable":true,"href":"https:\/\/www.vegaintro-projekti.com\/pilar-stari\/wp-json\/wp\/v2\/users\/1"}],"replies":[{"embeddable":true,"href":"https:\/\/www.vegaintro-projekti.com\/pilar-stari\/wp-json\/wp\/v2\/comments?post=947"}],"version-history":[{"count":3,"href":"https:\/\/www.vegaintro-projekti.com\/pilar-stari\/wp-json\/wp\/v2\/posts\/947\/revisions"}],"predecessor-version":[{"id":6808,"href":"https:\/\/www.vegaintro-projekti.com\/pilar-stari\/wp-json\/wp\/v2\/posts\/947\/revisions\/6808"}],"wp:attachment":[{"href":"https:\/\/www.vegaintro-projekti.com\/pilar-stari\/wp-json\/wp\/v2\/media?parent=947"}],"wp:term":[{"taxonomy":"category","embeddable":true,"href":"https:\/\/www.vegaintro-projekti.com\/pilar-stari\/wp-json\/wp\/v2\/categories?post=947"},{"taxonomy":"post_tag","embeddable":true,"href":"https:\/\/www.vegaintro-projekti.com\/pilar-stari\/wp-json\/wp\/v2\/tags?post=947"}],"curies":[{"name":"wp","href":"https:\/\/api.w.org\/{rel}","templated":true}]}}