{"id":957,"date":"2017-01-05T15:07:39","date_gmt":"2017-01-05T15:07:39","guid":{"rendered":"https:\/\/www.vegaintro-projekti.com\/pilar-stari\/2017\/01\/05\/objavljen-zbornik-domovinski-rat-i-razvoj-hrvatskoga-istoka\/"},"modified":"2019-12-06T20:37:40","modified_gmt":"2019-12-06T20:37:40","slug":"objavljen-zbornik-domovinski-rat-i-razvoj-hrvatskoga-istoka","status":"publish","type":"post","link":"https:\/\/www.vegaintro-projekti.com\/pilar-stari\/2017\/01\/objavljen-zbornik-domovinski-rat-i-razvoj-hrvatskoga-istoka\/","title":{"rendered":"Objavljen zbornik DOMOVINSKI RAT I RAZVOJ HRVATSKOGA ISTOKA"},"content":{"rendered":"<p><strong>Zbornik DOMOVINSKI RAT I NJEGOVI DRU\u0160TVENO-EKONOMSKI ODRAZI NA RAZVOJ HRVATSKOGA ISTOKA objavljen je kao 50. knjiga Biblioteke Zbornici Instituta dru\u0161tvenih znanosti Ivo Pilar. Glavni urednik zbornika je prof. ddr. sc. Miljenko Brekalo a donosi radove sa 2. me\u0111unarodnog interdisciplinarnog znanstveno-stru\u010dnog skupa &#8220;Domovinski rat i njegovi dru\u0161tveno-ekonomski odrazi na razvoj hrvatskoga istoka&#8221; odr\u017eanog 2. i 3. prosinca 2015. godine u Osijeku. \u2013 <a href=\"#predgovor\">Iz Predgovora<\/a> | <a href=\"#sadrzaj\">Sadr\u017eaj<\/a><\/strong><\/p>\n<p><img decoding=\"async\" loading=\"lazy\" class=\"alignleft\" src=\"https:\/\/www.vegaintro-projekti.com\/pilar-stari\/wp-content\/images\/stories\/fotografije\/publikacije\/naslovnice\/small\/Zbornik_50-nasl.jpg\" alt=\"Zbornik 50-nasl\" width=\"217\" height=\"314\"><\/p>\n<p><span style=\"font-size: 12pt;\">Struktura izlaga\u010da bila je vrlo heterogena, bili su zastupljeni: istaknuti lije\u010dnici, teolozi, pravnici, povjesni\u010dari, ekonomisti, humanitarni djelatnici, sveu\u010dili\u0161ni i srednjo\u0161kolski profesori, ustavotvorci, biv\u0161i i sada\u0161nji nositelji istaknutih funkcija u zakonodavnoj, izvr\u0161noj i sudbenoj vlasti i dr.<\/span><\/p>\n<p><span style=\"font-size: 8pt;\"><strong>DOMOVINSKI RAT I NJEGOVI DRU\u0160TVENO-EKONOMSKI ODRAZI NA RAZVOJ HRVATSKOGA ISTOKA<\/strong><\/span><br \/>\n<span style=\"font-size: 8pt;\"><strong>Glavni urednik: prof. ddr. sc. Miljenko Brekalo<\/strong><\/span><br \/>\n<span style=\"font-size: 8pt;\"><strong>Biblioteka ZBORNICI. \u2013 Knjiga 50.<\/strong><\/span><br \/>\n<span style=\"font-size: 8pt;\"><strong>Institut dru\u0161tvenih znanosti Ivo Pilar<\/strong><\/span><br \/>\n<span style=\"font-size: 8pt;\"><strong>Zagreb, 2016. \u2013 Str. 450.<\/strong><\/span><br \/>\n<span style=\"font-size: 8pt;\"><strong>ISBN 978-953-7964-36-8<\/strong><\/span><\/p>\n<p>&#8211;&nbsp;<a href=\"https:\/\/www.vegaintro-projekti.com\/pilar-stari\/2017\/01\/predstavljanje-zbornika-domovinski-rat-i-razvoj-hrvatskog-istoka\/\">Predstavljanje zbornika Domovinski rat i razvoj hrvatskog istoka; Osijek, 1. prosinca 2016.<\/a><\/p>\n<p><a name=\"sadrzaj\"><\/a>&nbsp;<br \/>\n<span style=\"font-size: 12pt;\">Sadr\u017eaj<\/span><\/p>\n<p>&#8211; <a href=\"https:\/\/www.vegaintro-projekti.com\/pilar-stari\/wp-content\/images\/stories\/dokumenti\/zbornici\/51\/Zbornik_50-omot.pdf\">Omot<\/a> | <a href=\"https:\/\/www.vegaintro-projekti.com\/pilar-stari\/wp-content\/images\/stories\/dokumenti\/zbornici\/51\/Zbornik_50-impresum.pdf\">Impresum<\/a> | <a href=\"https:\/\/www.vegaintro-projekti.com\/pilar-stari\/wp-content\/images\/stories\/dokumenti\/zbornici\/51\/Zbornik_50-sadrzaj.pdf\">Sadr\u017eaj<\/a><\/p>\n<p><a href=\"https:\/\/www.vegaintro-projekti.com\/pilar-stari\/wp-content\/images\/stories\/dokumenti\/zbornici\/51\/Zbornik_50-predgovor.pdf\">Predgovor<\/a><br \/>\n<a href=\"https:\/\/www.vegaintro-projekti.com\/pilar-stari\/wp-content\/images\/stories\/dokumenti\/zbornici\/51\/Zbornik_50-preface.pdf\">Preface<\/a><\/p>\n<p>Marin Sraki\u0107: Ratne \u0161tete i obnova crkvenih objekata na podru\u010dju \u0110akova\u010dke i Srijemske biskupije<br \/>\nIvica Musi\u0107, Dra\u017een Barbari\u0107, Mate Penava: Pitanje kolektivne krivnje: moralna odgovornost za po\u010dinjene zlo\u010dine<br \/>\nDamir Novotny: Duboke socio-ekonomske neravnote\u017ee kao prepreke dinami\u010dnom gospodarskom razvoju istoka Hrvatske<br \/>\nLadislav Heka: Medijska slika Domovinskoga rata u ma\u0111arskim medijima<br \/>\nTomislav \u017digmanov: Hrvati u Vojvodini i Domovinski rat<br \/>\nBo\u017eo Luji\u0107: Biblijska interpretacija obrambenoga rata i motiv sje\u0107anja<br \/>\nZlatko \u0160pehar: Djelima ljubavi usprotiv razornoj mr\u017enji srpskoga agresora<br \/>\nMato Arlovi\u0107: Ustavnopravni pogled na disoluciju Hrvatske od biv\u0161ega SFRJ-a (1990. \u2013 1992.)<br \/>\nIvan Vukadin, Vinko Vukadin: Utjecaj Domovinskog rata i vojno-redarstvene akcije Oluja na dana\u0161nju politi\u010dku kartu BiH na primjeru oslobo\u0111enja Biha\u0107a<br \/>\n\u017deljko Karaula: Sudjelovanje 105. brigade Hrvatske vojske iz Bjelovara \u2013 isto\u010dnoslavonsko rati\u0161te<br \/>\nVladimir \u0160eks: Specijalni rat KOS-a JNA-a, jugoslavenskih i srpskih sigurnosnih slu\u017ebi u Domovinskom ratu na hrvatskom istoku<br \/>\nGranduca Moreno Zamberlan: Solidarieta\u2019 Senza Confini<br \/>\nDubravko Habek: Sanitetska slu\u017eba 105. brigade Hrvatske vojske na isto\u010dnoslavonskom boji\u0161tu 1991. \u2013 1992.<br \/>\nMiroslav Ro\u017eac: Pravosudna slika Domovinskog rata na hrvatskom istoku<br \/>\nMladen Lon\u010dar, Ivana Lon\u010dar: Seksualno zlostavljanje u srpskim logorima tijekom rata<br \/>\nIvan Marke\u0161i\u0107: Silovanje \u017eena kao dio strategije u velikosrpskoj agresiji na Republiku Hrvatsku<br \/>\nKre\u0161imir Glavina: Zna\u010denje Klini\u010dke bolnice Osijek u Domovinskom ratu<br \/>\n\u0160tefan Biro, Vesna Bosanac, Binazija Kolesar: Uloga i zna\u010denje vukovarske bolnice u obrani Vukovara i u mirnoj reintegraciji hrvatskoga Podunavlja<br \/>\nJosip Gali\u0107: Rezultati lije\u010denja ranjenika u Op\u0107oj bolnici Osijek tijekom Domovinskoga rata<br \/>\nAntonija Huljev, Tihomir \u017divi\u0107: Analiza engleskih epistolografskih izvora iz korespondencije predsjednika Republike Hrvatske dr. Franje Tu\u0111mana: ciljevi hrvatske me\u0111unarodne politike 1990. i 1991. godine<br \/>\nAndrija Hebrang, Mate Ljubi\u010di\u0107, Stjepan Ba\u010di\u0107: Kriza razvoja kao posljedica neka\u017enjenoga ratnog zlo\u010dina<br \/>\nIvan Mi\u0161kulin, Zvjezdana Penava Brekalo, Maja Mi\u0161kulin: Gubitci gospodarske produktivnosti zbog ratnog stradanja stanovni\u0161tva isto\u010dne Hrvatske<br \/>\n\u017dana Amid\u017ei\u0107, Antonija Huljev: Stradanje knji\u017ene i druge kulturne ba\u0161tine sela Nu\u0161tra u Domovinskom ratu<br \/>\nSandra Mrvica Ma\u0111arac, Matej Gali\u0107, Mario \u010cerkez: Ekonomsko\u2013pravne posljedice ratnih \u0161teta na poslovanje Belja d.d.<br \/>\nStanislav \u0160ota: Nietzcheovsko egzistencijalisti\u010dko-kr\u0161\u0107ansko, te kristovsko poimanje mira i pomirenja stradalnika Domovinskoga rata u \u0110akova\u010dko-osje\u010dkoj nadbiskupiji<br \/>\nMiljenko Brekalo, Anamarija Luki\u0107, Zvjezdana Penava Brekalo: Monetarne i javne financije Republike Srpske Krajine (1991. \u2013 1998.)<br \/>\nSanja Nik\u010devi\u0107: Domovinski rat u hrvatskom kazali\u0161tu i drami<br \/>\nMate Bunti\u0107, Zoran Pervan: Darvinizam kao podloga pro\u0161lim i budu\u0107im zlo\u010dina\u010dkim ideologijama<\/p>\n<p><a href=\"https:\/\/www.vegaintro-projekti.com\/pilar-stari\/wp-content\/images\/stories\/dokumenti\/zbornici\/51\/Zbornik_50-recenzenti.pdf\">Popis recenzenata<\/a><\/p>\n<p>&gt;&gt;&gt; Puni tekst zbornika<\/p>\n<p><a name=\"predgovor\"><\/a>&nbsp;<br \/>\n<span style=\"font-size: 12pt;\">Predgovor<\/span><\/p>\n<p>Drugi me\u0111unarodni interdisciplinarni znanstveno-stru\u010dni skup: Domovinski rat i njegovi dru\u0161tveno-ekonomski odrazi na razvoj hrvatskoga istoka odr\u017ean je 2. i 3. prosinca 2015. godine u Osijeku. Organizatori navedenog skupa bili su: Institut dru\u0161tvenih znanosti Ivo Pilar \u2013 Podru\u010dni centar Osijek, Odjel za kulturologiju Sveu\u010dili\u0161ta Josipa Jurja Strossmayera u Osijeku, Filozofski fakultet Sveu\u010dili\u0161ta u Mostaru i Ogranak Matice hrvatske u Osijeku. Skup je odr\u017ean pod visokim pokroviteljstvom predsjednice Republike Hrvatske gospo\u0111e Kolinde Grabar- Kitarovi\u0107.<\/p>\n<p>Organizatori ovoga Skupa, kao i gra\u0111ani, osjetili su u svakodnevnici nedostatak poznavanja brojnih tema iz Domovinskoga rata, naro\u010dito onih koje se odnose na hrvatski istok. Skup je sadr\u017eajno nastavak Skupa iz 2014. godine, a u njegovom je radu pro\u0161le godine sudjelovalo pedeset i tri znanstvenika i istaknuta dru\u0161tveno-politi\u010dka djelatnika, koji dolaze iz tuzemstva i inozemstva (Republika Austrija, Republika Italija, Republika Ma\u0111arska, Republika Srbija i Republika Bosna i Hercegovina). Struktura izlaga\u010da bila je vrlo heterogena, bili su zastupljeni: istaknuti lije\u010dnici, teolozi, pravnici, povjesni\u010dari, ekonomisti, humanitarni djelatnici, sveu\u010dili\u0161ni i srednjo\u0161kolski profesori, ustavotvorci, biv\u0161i i sada\u0161nji nositelji istaknutih funkcija u zakonodavnoj, izvr\u0161noj i sudbenoj vlasti i dr.<\/p>\n<p>Tijekom dvodnevnog izlaganja izlaga\u010di su javnosti prezentirali trideset i sedam radova iz podru\u010dja: teologije, obrazovanja, kulture, antropologije, medicine, povijesti, vojne taktike i doktrine, prava, sociologije, ekonomije, politologije i humanitarnog djelovanja.<\/p>\n<p>Zbornik radova s navedenog Skupa produkt je znanstvenih i stru\u010dnih izlaganja znanstvenika i stru\u010dnih djelatnika, koji su odre\u0111ene nepoznate ili manje poznate teme na sustavan i zanimljiv na\u010din iz novije hrvatske povijesti pribli\u017eili svekolikoj hrvatskoj, europskoj i svjetskoj javnosti. Znanstveno-stru\u010dni radovi nedvojbeno potvr\u0111uju nepobitnu \u010dinjenicu da je Domovinski rat bio obrambeni i osloboditeljski, a ne gra\u0111anski rat kako to tvrde odre\u0111eni krugovi iz redova velikosrpske inteligencije u Republici Srbiji, Republici Srpskoj, pa \u010dak i u Republici Hrvatskoj. Struktura radova u ovome zborniku znanstveno utemeljeno dokazuje da su Hrvati i drugi gra\u0111ani Republike Hrvatske, kontinuirano od po\u010detka tzv. balvan-revolucije na prilazima Kninu 17. kolovoza 1990. do mirne reintegracije hrvatskoga Podunavlja, 15. sije\u010dnja 1998., vodili obrambeni i osloboditeljski rat, a pri tome su po\u0161tovali sve odredbe me\u0111unarodnog humanitarnog prava sadr\u017eanog u \u017denevskim i Ha\u0161kim konvencijama.<\/p>\n<p>Hrvatski istok u geo-politi\u010dkom smislu, koji je protekle dvije godine predmet interdisciplinarnog znanstveno-stru\u010dnoga rada, obuhva\u0107a: Osje\u010dko-baranjsku \u017eupaniju, Vukovarsko-srijemsku \u017eupaniju, Viroviti\u010dko-podravsku \u017eupaniju, Brodsko-posavsku \u017eupaniju i Po\u017ee\u0161ko-slavonsku \u017eupaniju, podru\u010dja na kojima su Hrvatske oru\u017eane snage realizirale zna\u010dajne pobjede u Domovinskom ratu nad nositeljima oru\u017eane pobune u Republici Hrvatskoj. Na drugoj strani, podru\u010dje hrvatskog Podunavlja je dio hrvatskog istoka i posljednji dio hrvatskog dr\u017eavnog teritorija koji je mudrom politikom prvoga hrvatskog predsjednika dr. Franje Tu\u0111mana mirnim putem reintegriran u ustavno-pravni sustav Republike Hrvatske. Ovo podru\u010dje predstavlja 12.556 km\u00b2 ili jednu petinu (22,2%) ukupnog dr\u017eavnog teritorija (56.542 km\u00b2), a prema popisu pu\u010danstva iz 1991. godine na navedenom podru\u010dju \u017eivjelo je 975.359 ili 20,4% od ukupnog broja gra\u0111ana (4.784.265) Republike Hrvatske.<\/p>\n<p>U po\u010detcima Domovinskog rata na podru\u010dju hrvatskog istoka odvijale su se naj\u017ee\u0161\u0107e borbe, s najve\u0107om ratnom dinamikom i intenzitetom djelovanja Hrvatskih oru\u017eanih snaga protiv dijela pobunjenih Srba i Jugoslavenske narodne armije (JNA), a uslijed \u010dega su pale najve\u0107e vojne i civilne \u017ertve. Hrvatski istok nalazi se na prostoru gdje Srbija izravno grani\u010di s Republikom Hrvatskom, a uslijed \u010dega su pobunjeni Srbi i JNA imali neograni\u010denu logisti\u010dku potporu iz pravca srpskih gradova: Sombora, Apatina i \u0160ida, koji su bili distributivni centri za srbijanske \u010detnike i pripadnike JNA. Pored toga, nacionalna struktura pu\u010danstva na podru\u010dju hrvatskog istoka, gdje su postojale srpske enklave (Tenja, Bobota, Vera, Pa\u010detin, Trpinja, Bijelo Brdo, Borovo Selo, Marku\u0161ica, Negoslavci, Jagodnjak i druga sela), olak\u0161avale su velikosrpsku agresiju i ote\u017eavale obrambene aktivnosti hrvatskih vlasti.<\/p>\n<p>Pro\u0161logodi\u0161nji, kao i Prvi interdisciplinarni znanstveno-stru\u010dni skup s me\u0111unarodnim sudjelovanjem: Hrvatski istok u Domovinskom ratu \u2013 iskustva, spoznaje i posljedice, odr\u017ean je u izrazito financijski slo\u017eenom trenutku, njegovo odr\u017eavanje produkt je financijske potpore gospodarskih subjekata i jedinica lokalne i podru\u010dne (regionalne) samouprave, koji su izrazili senzibilitet za teme iz Domovinskoga rata i pora\u0107a, koje na ovome podru\u010dju nisu sustavno obra\u0111ivane. U ime suorganizatora i svoje osobno ime zahvaljujem predstavnicima gospodarstva i lokalne i podru\u010dne (regionalne) samouprave, koji su svojom financijskom potporom omogu\u0107ili odr\u017eavanje navedenih skupova, bez njihove financijske potpore to bi bila \u201enemogu\u0107a misija\u201c.<\/p>\n<p>Skup je posve\u0107en braniteljima i stradalnicima Domovinskoga rata, kao i svim domoljubima i mu\u010denicima koji su tijekom trinaestostoljetne hrvatske povijesti izgubili \u017eivot, bili proganjani, zato\u010deni i \u0161ikanirani bore\u0107i se za samobitnost i opstojnost hrvatskoga puka. Isto tako, Skup je posve\u0107en i svakom drugom \u010dovjeku, koji nije pripadnik hrvatskoga nacionalnog korpusa, a bio je \u017ertva tijekom Domovinskog rata. Stoga, ovoj skupini gra\u0111ana Republike Hrvatske upu\u0107ujem posebnu zahvalu za sve \u0161to su u\u010dinili za samobitnost i opstojnost na\u0161e nam drage i jedine domovine Republike Hrvatske.<\/p>\n<p><em>Glavni urednik: prof. ddr. sc. Miljenko Brekalo<\/em><\/p>\n<blockquote><p><a href=\"https:\/\/www.vegaintro-projekti.com\/pilar-stari\/2008\/10\/podruni-centar-osijek\/\">Podru\u010dni centar Osijek<\/a><\/p><\/blockquote>\n","protected":false},"excerpt":{"rendered":"<p>Zbornik DOMOVINSKI RAT I NJEGOVI DRU\u0160TVENO-EKONOMSKI ODRAZI NA RAZVOJ HRVATSKOGA ISTOKA objavljen je kao 50. knjiga Biblioteke Zbornici Instituta dru\u0161tvenih znanosti Ivo Pilar. Glavni urednik zbornika je prof. ddr. sc. Miljenko Brekalo a donosi radove sa 2. me\u0111unarodnog interdisciplinarnog znanstveno-stru\u010dnog skupa &#8220;Domovinski rat i njegovi dru\u0161tveno-ekonomski odrazi na razvoj hrvatskoga istoka&#8221; odr\u017eanog 2. i 3.&hellip; <a class=\"continue\" href=\"https:\/\/www.vegaintro-projekti.com\/pilar-stari\/2017\/01\/objavljen-zbornik-domovinski-rat-i-razvoj-hrvatskoga-istoka\/\">Pro\u010ditaj vi\u0161e o<span> Objavljen zbornik DOMOVINSKI RAT I RAZVOJ HRVATSKOGA ISTOKA<\/span><\/a><\/p>\n","protected":false},"author":1,"featured_media":0,"comment_status":"closed","ping_status":"closed","sticky":false,"template":"","format":"standard","meta":{"inline_featured_image":false,"ngg_post_thumbnail":0,"footnotes":""},"categories":[21],"tags":[],"yoast_head":"<!-- This site is optimized with the Yoast SEO plugin v21.2 - https:\/\/yoast.com\/wordpress\/plugins\/seo\/ -->\n<title>Objavljen zbornik DOMOVINSKI RAT I RAZVOJ HRVATSKOGA ISTOKA - Institut dru&scaron;tvenih znanosti Ivo Pilar<\/title>\n<meta name=\"robots\" content=\"noindex, follow, max-snippet:-1, max-image-preview:large, max-video-preview:-1\" \/>\n<meta property=\"og:locale\" content=\"hr_HR\" \/>\n<meta property=\"og:type\" content=\"article\" \/>\n<meta property=\"og:title\" content=\"Objavljen zbornik DOMOVINSKI RAT I RAZVOJ HRVATSKOGA ISTOKA - Institut dru&scaron;tvenih znanosti Ivo Pilar\" \/>\n<meta property=\"og:description\" content=\"Zbornik DOMOVINSKI RAT I NJEGOVI DRU\u0160TVENO-EKONOMSKI ODRAZI NA RAZVOJ HRVATSKOGA ISTOKA objavljen je kao 50. knjiga Biblioteke Zbornici Instituta dru\u0161tvenih znanosti Ivo Pilar. Glavni urednik zbornika je prof. ddr. sc. Miljenko Brekalo a donosi radove sa 2. me\u0111unarodnog interdisciplinarnog znanstveno-stru\u010dnog skupa &#8220;Domovinski rat i njegovi dru\u0161tveno-ekonomski odrazi na razvoj hrvatskoga istoka&#8221; odr\u017eanog 2. i 3.&hellip; Pro\u010ditaj vi\u0161e o Objavljen zbornik DOMOVINSKI RAT I RAZVOJ HRVATSKOGA ISTOKA\" \/>\n<meta property=\"og:url\" content=\"https:\/\/www.vegaintro-projekti.com\/pilar-stari\/2017\/01\/objavljen-zbornik-domovinski-rat-i-razvoj-hrvatskoga-istoka\/\" \/>\n<meta property=\"og:site_name\" content=\"Institut dru&scaron;tvenih znanosti Ivo Pilar\" \/>\n<meta property=\"article:published_time\" content=\"2017-01-05T15:07:39+00:00\" \/>\n<meta property=\"article:modified_time\" content=\"2019-12-06T20:37:40+00:00\" \/>\n<meta property=\"og:image\" content=\"https:\/\/www.vegaintro-projekti.com\/pilar-stari\/wp-content\/images\/stories\/fotografije\/publikacije\/naslovnice\/small\/Zbornik_50-nasl.jpg\" \/>\n<meta name=\"author\" content=\"pilar-admin\" \/>\n<meta name=\"twitter:card\" content=\"summary_large_image\" \/>\n<meta name=\"twitter:label1\" content=\"Napisao\/la\" \/>\n\t<meta name=\"twitter:data1\" content=\"pilar-admin\" \/>\n\t<meta name=\"twitter:label2\" content=\"Procijenjeno vrijeme \u010ditanja\" \/>\n\t<meta name=\"twitter:data2\" content=\"7 minuta\" \/>\n<script type=\"application\/ld+json\" class=\"yoast-schema-graph\">{\"@context\":\"https:\/\/schema.org\",\"@graph\":[{\"@type\":\"WebPage\",\"@id\":\"https:\/\/www.vegaintro-projekti.com\/pilar-stari\/2017\/01\/objavljen-zbornik-domovinski-rat-i-razvoj-hrvatskoga-istoka\/\",\"url\":\"https:\/\/www.vegaintro-projekti.com\/pilar-stari\/2017\/01\/objavljen-zbornik-domovinski-rat-i-razvoj-hrvatskoga-istoka\/\",\"name\":\"Objavljen zbornik DOMOVINSKI RAT I RAZVOJ HRVATSKOGA ISTOKA - Institut dru&scaron;tvenih znanosti Ivo Pilar\",\"isPartOf\":{\"@id\":\"https:\/\/www.vegaintro-projekti.com\/pilar-stari\/#website\"},\"datePublished\":\"2017-01-05T15:07:39+00:00\",\"dateModified\":\"2019-12-06T20:37:40+00:00\",\"author\":{\"@id\":\"https:\/\/www.vegaintro-projekti.com\/pilar-stari\/#\/schema\/person\/c0db50ebd77c4409e19b18044bbf10c1\"},\"breadcrumb\":{\"@id\":\"https:\/\/www.vegaintro-projekti.com\/pilar-stari\/2017\/01\/objavljen-zbornik-domovinski-rat-i-razvoj-hrvatskoga-istoka\/#breadcrumb\"},\"inLanguage\":\"hr\",\"potentialAction\":[{\"@type\":\"ReadAction\",\"target\":[\"https:\/\/www.vegaintro-projekti.com\/pilar-stari\/2017\/01\/objavljen-zbornik-domovinski-rat-i-razvoj-hrvatskoga-istoka\/\"]}]},{\"@type\":\"BreadcrumbList\",\"@id\":\"https:\/\/www.vegaintro-projekti.com\/pilar-stari\/2017\/01\/objavljen-zbornik-domovinski-rat-i-razvoj-hrvatskoga-istoka\/#breadcrumb\",\"itemListElement\":[{\"@type\":\"ListItem\",\"position\":1,\"name\":\"Home\",\"item\":\"https:\/\/www.vegaintro-projekti.com\/pilar-stari\/\"},{\"@type\":\"ListItem\",\"position\":2,\"name\":\"Objavljen zbornik DOMOVINSKI RAT I RAZVOJ HRVATSKOGA ISTOKA\"}]},{\"@type\":\"WebSite\",\"@id\":\"https:\/\/www.vegaintro-projekti.com\/pilar-stari\/#website\",\"url\":\"https:\/\/www.vegaintro-projekti.com\/pilar-stari\/\",\"name\":\"Institut dru&scaron;tvenih znanosti Ivo Pilar\",\"description\":\"Pilar\",\"potentialAction\":[{\"@type\":\"SearchAction\",\"target\":{\"@type\":\"EntryPoint\",\"urlTemplate\":\"https:\/\/www.vegaintro-projekti.com\/pilar-stari\/?s={search_term_string}\"},\"query-input\":\"required name=search_term_string\"}],\"inLanguage\":\"hr\"},{\"@type\":\"Person\",\"@id\":\"https:\/\/www.vegaintro-projekti.com\/pilar-stari\/#\/schema\/person\/c0db50ebd77c4409e19b18044bbf10c1\",\"name\":\"pilar-admin\",\"image\":{\"@type\":\"ImageObject\",\"inLanguage\":\"hr\",\"@id\":\"https:\/\/www.vegaintro-projekti.com\/pilar-stari\/#\/schema\/person\/image\/\",\"url\":\"https:\/\/secure.gravatar.com\/avatar\/fac9e03c4db0011b9c1ad8b5e9c74b8c?s=96&d=mm&r=g\",\"contentUrl\":\"https:\/\/secure.gravatar.com\/avatar\/fac9e03c4db0011b9c1ad8b5e9c74b8c?s=96&d=mm&r=g\",\"caption\":\"pilar-admin\"},\"url\":\"https:\/\/www.vegaintro-projekti.com\/pilar-stari\/author\/pilar-admin\/\"}]}<\/script>\n<!-- \/ Yoast SEO plugin. -->","yoast_head_json":{"title":"Objavljen zbornik DOMOVINSKI RAT I RAZVOJ HRVATSKOGA ISTOKA - Institut dru&scaron;tvenih znanosti Ivo Pilar","robots":{"index":"noindex","follow":"follow","max-snippet":"max-snippet:-1","max-image-preview":"max-image-preview:large","max-video-preview":"max-video-preview:-1"},"og_locale":"hr_HR","og_type":"article","og_title":"Objavljen zbornik DOMOVINSKI RAT I RAZVOJ HRVATSKOGA ISTOKA - Institut dru&scaron;tvenih znanosti Ivo Pilar","og_description":"Zbornik DOMOVINSKI RAT I NJEGOVI DRU\u0160TVENO-EKONOMSKI ODRAZI NA RAZVOJ HRVATSKOGA ISTOKA objavljen je kao 50. knjiga Biblioteke Zbornici Instituta dru\u0161tvenih znanosti Ivo Pilar. Glavni urednik zbornika je prof. ddr. sc. Miljenko Brekalo a donosi radove sa 2. me\u0111unarodnog interdisciplinarnog znanstveno-stru\u010dnog skupa &#8220;Domovinski rat i njegovi dru\u0161tveno-ekonomski odrazi na razvoj hrvatskoga istoka&#8221; odr\u017eanog 2. i 3.&hellip; Pro\u010ditaj vi\u0161e o Objavljen zbornik DOMOVINSKI RAT I RAZVOJ HRVATSKOGA ISTOKA","og_url":"https:\/\/www.vegaintro-projekti.com\/pilar-stari\/2017\/01\/objavljen-zbornik-domovinski-rat-i-razvoj-hrvatskoga-istoka\/","og_site_name":"Institut dru&scaron;tvenih znanosti Ivo Pilar","article_published_time":"2017-01-05T15:07:39+00:00","article_modified_time":"2019-12-06T20:37:40+00:00","og_image":[{"url":"https:\/\/www.vegaintro-projekti.com\/pilar-stari\/wp-content\/images\/stories\/fotografije\/publikacije\/naslovnice\/small\/Zbornik_50-nasl.jpg"}],"author":"pilar-admin","twitter_card":"summary_large_image","twitter_misc":{"Napisao\/la":"pilar-admin","Procijenjeno vrijeme \u010ditanja":"7 minuta"},"schema":{"@context":"https:\/\/schema.org","@graph":[{"@type":"WebPage","@id":"https:\/\/www.vegaintro-projekti.com\/pilar-stari\/2017\/01\/objavljen-zbornik-domovinski-rat-i-razvoj-hrvatskoga-istoka\/","url":"https:\/\/www.vegaintro-projekti.com\/pilar-stari\/2017\/01\/objavljen-zbornik-domovinski-rat-i-razvoj-hrvatskoga-istoka\/","name":"Objavljen zbornik DOMOVINSKI RAT I RAZVOJ HRVATSKOGA ISTOKA - Institut dru&scaron;tvenih znanosti Ivo Pilar","isPartOf":{"@id":"https:\/\/www.vegaintro-projekti.com\/pilar-stari\/#website"},"datePublished":"2017-01-05T15:07:39+00:00","dateModified":"2019-12-06T20:37:40+00:00","author":{"@id":"https:\/\/www.vegaintro-projekti.com\/pilar-stari\/#\/schema\/person\/c0db50ebd77c4409e19b18044bbf10c1"},"breadcrumb":{"@id":"https:\/\/www.vegaintro-projekti.com\/pilar-stari\/2017\/01\/objavljen-zbornik-domovinski-rat-i-razvoj-hrvatskoga-istoka\/#breadcrumb"},"inLanguage":"hr","potentialAction":[{"@type":"ReadAction","target":["https:\/\/www.vegaintro-projekti.com\/pilar-stari\/2017\/01\/objavljen-zbornik-domovinski-rat-i-razvoj-hrvatskoga-istoka\/"]}]},{"@type":"BreadcrumbList","@id":"https:\/\/www.vegaintro-projekti.com\/pilar-stari\/2017\/01\/objavljen-zbornik-domovinski-rat-i-razvoj-hrvatskoga-istoka\/#breadcrumb","itemListElement":[{"@type":"ListItem","position":1,"name":"Home","item":"https:\/\/www.vegaintro-projekti.com\/pilar-stari\/"},{"@type":"ListItem","position":2,"name":"Objavljen zbornik DOMOVINSKI RAT I RAZVOJ HRVATSKOGA ISTOKA"}]},{"@type":"WebSite","@id":"https:\/\/www.vegaintro-projekti.com\/pilar-stari\/#website","url":"https:\/\/www.vegaintro-projekti.com\/pilar-stari\/","name":"Institut dru&scaron;tvenih znanosti Ivo Pilar","description":"Pilar","potentialAction":[{"@type":"SearchAction","target":{"@type":"EntryPoint","urlTemplate":"https:\/\/www.vegaintro-projekti.com\/pilar-stari\/?s={search_term_string}"},"query-input":"required name=search_term_string"}],"inLanguage":"hr"},{"@type":"Person","@id":"https:\/\/www.vegaintro-projekti.com\/pilar-stari\/#\/schema\/person\/c0db50ebd77c4409e19b18044bbf10c1","name":"pilar-admin","image":{"@type":"ImageObject","inLanguage":"hr","@id":"https:\/\/www.vegaintro-projekti.com\/pilar-stari\/#\/schema\/person\/image\/","url":"https:\/\/secure.gravatar.com\/avatar\/fac9e03c4db0011b9c1ad8b5e9c74b8c?s=96&d=mm&r=g","contentUrl":"https:\/\/secure.gravatar.com\/avatar\/fac9e03c4db0011b9c1ad8b5e9c74b8c?s=96&d=mm&r=g","caption":"pilar-admin"},"url":"https:\/\/www.vegaintro-projekti.com\/pilar-stari\/author\/pilar-admin\/"}]}},"_links":{"self":[{"href":"https:\/\/www.vegaintro-projekti.com\/pilar-stari\/wp-json\/wp\/v2\/posts\/957"}],"collection":[{"href":"https:\/\/www.vegaintro-projekti.com\/pilar-stari\/wp-json\/wp\/v2\/posts"}],"about":[{"href":"https:\/\/www.vegaintro-projekti.com\/pilar-stari\/wp-json\/wp\/v2\/types\/post"}],"author":[{"embeddable":true,"href":"https:\/\/www.vegaintro-projekti.com\/pilar-stari\/wp-json\/wp\/v2\/users\/1"}],"replies":[{"embeddable":true,"href":"https:\/\/www.vegaintro-projekti.com\/pilar-stari\/wp-json\/wp\/v2\/comments?post=957"}],"version-history":[{"count":11,"href":"https:\/\/www.vegaintro-projekti.com\/pilar-stari\/wp-json\/wp\/v2\/posts\/957\/revisions"}],"predecessor-version":[{"id":15110,"href":"https:\/\/www.vegaintro-projekti.com\/pilar-stari\/wp-json\/wp\/v2\/posts\/957\/revisions\/15110"}],"wp:attachment":[{"href":"https:\/\/www.vegaintro-projekti.com\/pilar-stari\/wp-json\/wp\/v2\/media?parent=957"}],"wp:term":[{"taxonomy":"category","embeddable":true,"href":"https:\/\/www.vegaintro-projekti.com\/pilar-stari\/wp-json\/wp\/v2\/categories?post=957"},{"taxonomy":"post_tag","embeddable":true,"href":"https:\/\/www.vegaintro-projekti.com\/pilar-stari\/wp-json\/wp\/v2\/tags?post=957"}],"curies":[{"name":"wp","href":"https:\/\/api.w.org\/{rel}","templated":true}]}}