{"id":9722,"date":"2018-01-23T17:49:50","date_gmt":"2018-01-23T17:49:50","guid":{"rendered":"https:\/\/www.vegaintro-projekti.com\/pilar-stari\/?p=9722"},"modified":"2018-03-23T18:26:36","modified_gmt":"2018-03-23T18:26:36","slug":"predstavljanje-knjige-kultura-sjecanja-izmedu-emocija-i-institucija","status":"publish","type":"post","link":"https:\/\/www.vegaintro-projekti.com\/pilar-stari\/2018\/01\/predstavljanje-knjige-kultura-sjecanja-izmedu-emocija-i-institucija\/","title":{"rendered":"Predstavljanje knjige KULTURA SJE\u0106ANJA IZME\u0110U EMOCIJA I INSTITUCIJA"},"content":{"rendered":"<p><strong>U lijepo ispunjenoj Mramornoj dvorani Gradskog muzeja Vukovar u dvorcu Eltz 19. sije\u010dnja 2018., u organizaciji Podru\u010dnoga centra Instituta Pilar u Vukovaru i Gradskog muzeja Vukovar, odr\u017eano je sve\u010dano predstavljanje knjige dr. sc. Matea \u017dani\u0107a, znanstvenoga suradnika u Institutu Pilar, &#8220;Kultura sje\u0107anja izme\u0111u emocija i institucija. Reprezentiranje Vukovarske bitke od 1991. do 2016.&#8221; &#8211; <a href=\"https:\/\/www.vegaintro-projekti.com\/pilar-stari\/wp-content\/uploads\/2018\/03\/zanic-kultura_sjecanja-pozivnica.pdf\">Pozivnica<\/a><\/strong><\/p>\n<p><a href=\"https:\/\/www.vegaintro-projekti.com\/pilar-stari\/wp-content\/uploads\/2018\/03\/zanic1.jpg\"><img decoding=\"async\" loading=\"lazy\" class=\"alignnone wp-image-9717\" src=\"https:\/\/www.vegaintro-projekti.com\/pilar-stari\/wp-content\/uploads\/2018\/03\/zanic1_s-300x150.jpg\" alt=\"\" width=\"310\" height=\"155\" srcset=\"https:\/\/www.vegaintro-projekti.com\/pilar-stari\/wp-content\/uploads\/2018\/03\/zanic1_s-300x150.jpg 300w, https:\/\/www.vegaintro-projekti.com\/pilar-stari\/wp-content\/uploads\/2018\/03\/zanic1_s.jpg 318w\" sizes=\"(max-width: 310px) 100vw, 310px\" \/><\/a><a href=\"https:\/\/www.vegaintro-projekti.com\/pilar-stari\/wp-content\/uploads\/2018\/03\/zanic2.jpg\"><img decoding=\"async\" loading=\"lazy\" class=\"alignnone wp-image-9719\" src=\"https:\/\/www.vegaintro-projekti.com\/pilar-stari\/wp-content\/uploads\/2018\/03\/zanic2_s-300x150.jpg\" alt=\"\" width=\"310\" height=\"155\" srcset=\"https:\/\/www.vegaintro-projekti.com\/pilar-stari\/wp-content\/uploads\/2018\/03\/zanic2_s-300x150.jpg 300w, https:\/\/www.vegaintro-projekti.com\/pilar-stari\/wp-content\/uploads\/2018\/03\/zanic2_s.jpg 318w\" sizes=\"(max-width: 310px) 100vw, 310px\" \/><\/a><a href=\"https:\/\/www.vegaintro-projekti.com\/pilar-stari\/wp-content\/uploads\/2018\/03\/zanic0.jpg\"><img decoding=\"async\" loading=\"lazy\" class=\"alignnone wp-image-9715 \" src=\"https:\/\/www.vegaintro-projekti.com\/pilar-stari\/wp-content\/uploads\/2018\/03\/zanic0_s.jpg\" alt=\"\" width=\"621\" height=\"326\" srcset=\"https:\/\/www.vegaintro-projekti.com\/pilar-stari\/wp-content\/uploads\/2018\/03\/zanic0_s.jpg 640w, https:\/\/www.vegaintro-projekti.com\/pilar-stari\/wp-content\/uploads\/2018\/03\/zanic0_s-300x158.jpg 300w\" sizes=\"(max-width: 621px) 100vw, 621px\" \/><\/a><\/p>\n<p><span style=\"font-size: 8pt;\"><strong>Predstavljanje knjige Matea \u017dani\u0107a KULTURA SJE\u0106ANJA IZME\u0110U EMOCIJA I INSTITUCIJA; Vukovar, 19. sije\u010dnja 2018. &#8211; Fotografije: M. \u017divi\u0107 i Hrvatski radio Vukovar<\/strong><\/span><\/p>\n<p>Biranim rije\u010dima knjigu su predstavili njezin urednik i voditelj Podru\u010dnoga centra Instituta Pilar u Vukovaru dr. sc. Dra\u017een \u017divi\u0107, dr. sc. Domagoj Tomas s Filozofskog fakulteta Sveu\u010dili\u0161ta J. J. Strossmayera u Osijeku i izv. prof. dr. sc. \u017deljko Pavi\u0107 sa Odjela za kulturologiju istog Sveu\u010dili\u0161ta. Dakako, nazo\u010dnima se s nekoliko prigodnih rije\u010di obratio i autor knjige. Kao \u0161to su predstavlja\u010di istaknuli, rije\u010d je o vrlo zna\u010dajnoj znanstvenoj studiji koja kulturi sje\u0107anja prilazi iz dva vida: teorijskog i \u010dinjeni\u010dno\/empirijskog. Stoga \u0107e studija biti iznimno korisno vrelo za sve koji se budu bavili odnosom kulture sje\u0107anja i institucija, jer ono, me\u0111u ostalim, sadr\u017ei pregled najva\u017enijih doga\u0111aja, aktera, simbola i manifestacija nu\u017enih za razumijevanje fenomena Vukovara 91.<\/p>\n<p>&#8211; <a href=\"https:\/\/www.vegaintro-projekti.com\/pilar-stari\/wp-content\/uploads\/2018\/03\/zanic-kultura_sjecanja-pozivnica.pdf\">Pozivnica za predstavljanje knjige dr. sc. Matea \u017dani\u0107a KULTURA SJE\u0106ANJA IZME\u0110U EMOCIJA I INSTITUCIJA; Vukovar, 19. sije\u010dnja 2018.<\/a><\/p>\n<p><a href=\"https:\/\/www.vegaintro-projekti.com\/pilar-stari\/wp-content\/uploads\/2018\/03\/zanic-kultura_sjecanja-pozivnica.pdf\"><img decoding=\"async\" loading=\"lazy\" class=\"alignnone wp-image-9720 size-full\" src=\"https:\/\/www.vegaintro-projekti.com\/pilar-stari\/wp-content\/uploads\/2018\/03\/zanic-kultura_sjecanja.jpg\" alt=\"\" width=\"640\" height=\"828\" srcset=\"https:\/\/www.vegaintro-projekti.com\/pilar-stari\/wp-content\/uploads\/2018\/03\/zanic-kultura_sjecanja.jpg 640w, https:\/\/www.vegaintro-projekti.com\/pilar-stari\/wp-content\/uploads\/2018\/03\/zanic-kultura_sjecanja-232x300.jpg 232w\" sizes=\"(max-width: 640px) 100vw, 640px\" \/><\/a><\/p>\n<blockquote><p><a href=\"https:\/\/www.vegaintro-projekti.com\/pilar-stari\/2010\/07\/podruni-centar-vukovar-2\/\">Podru\u010dni centar Vukovar<\/a><\/p><\/blockquote>\n","protected":false},"excerpt":{"rendered":"<p>U lijepo ispunjenoj Mramornoj dvorani Gradskog muzeja Vukovar u dvorcu Eltz 19. sije\u010dnja 2018., u organizaciji Podru\u010dnoga centra Instituta Pilar u Vukovaru i Gradskog muzeja Vukovar, odr\u017eano je sve\u010dano predstavljanje knjige dr. sc. Matea \u017dani\u0107a, znanstvenoga suradnika u Institutu Pilar, &#8220;Kultura sje\u0107anja izme\u0111u emocija i institucija. Reprezentiranje Vukovarske bitke od 1991. do 2016.&#8221; &#8211; Pozivnica&hellip; <a class=\"continue\" href=\"https:\/\/www.vegaintro-projekti.com\/pilar-stari\/2018\/01\/predstavljanje-knjige-kultura-sjecanja-izmedu-emocija-i-institucija\/\">Pro\u010ditaj vi\u0161e o<span> Predstavljanje knjige KULTURA SJE\u0106ANJA IZME\u0110U EMOCIJA I INSTITUCIJA<\/span><\/a><\/p>\n","protected":false},"author":7,"featured_media":9715,"comment_status":"open","ping_status":"open","sticky":false,"template":"","format":"standard","meta":{"inline_featured_image":false,"ngg_post_thumbnail":0,"footnotes":""},"categories":[11],"tags":[],"yoast_head":"<!-- This site is optimized with the Yoast SEO plugin v21.2 - https:\/\/yoast.com\/wordpress\/plugins\/seo\/ -->\n<title>Predstavljanje knjige KULTURA SJE\u0106ANJA IZME\u0110U EMOCIJA I INSTITUCIJA - Institut dru&scaron;tvenih znanosti Ivo Pilar<\/title>\n<meta name=\"robots\" content=\"noindex, follow, max-snippet:-1, max-image-preview:large, max-video-preview:-1\" \/>\n<meta property=\"og:locale\" content=\"hr_HR\" \/>\n<meta property=\"og:type\" content=\"article\" \/>\n<meta property=\"og:title\" content=\"Predstavljanje knjige KULTURA SJE\u0106ANJA IZME\u0110U EMOCIJA I INSTITUCIJA - Institut dru&scaron;tvenih znanosti Ivo Pilar\" \/>\n<meta property=\"og:description\" content=\"U lijepo ispunjenoj Mramornoj dvorani Gradskog muzeja Vukovar u dvorcu Eltz 19. sije\u010dnja 2018., u organizaciji Podru\u010dnoga centra Instituta Pilar u Vukovaru i Gradskog muzeja Vukovar, odr\u017eano je sve\u010dano predstavljanje knjige dr. sc. Matea \u017dani\u0107a, znanstvenoga suradnika u Institutu Pilar, &#8220;Kultura sje\u0107anja izme\u0111u emocija i institucija. Reprezentiranje Vukovarske bitke od 1991. do 2016.&#8221; &#8211; Pozivnica&hellip; Pro\u010ditaj vi\u0161e o Predstavljanje knjige KULTURA SJE\u0106ANJA IZME\u0110U EMOCIJA I INSTITUCIJA\" \/>\n<meta property=\"og:url\" content=\"https:\/\/www.vegaintro-projekti.com\/pilar-stari\/2018\/01\/predstavljanje-knjige-kultura-sjecanja-izmedu-emocija-i-institucija\/\" \/>\n<meta property=\"og:site_name\" content=\"Institut dru&scaron;tvenih znanosti Ivo Pilar\" \/>\n<meta property=\"article:published_time\" content=\"2018-01-23T17:49:50+00:00\" \/>\n<meta property=\"article:modified_time\" content=\"2018-03-23T18:26:36+00:00\" \/>\n<meta property=\"og:image\" content=\"https:\/\/www.vegaintro-projekti.com\/pilar-stari\/wp-content\/uploads\/2018\/03\/zanic0_s.jpg\" \/>\n\t<meta property=\"og:image:width\" content=\"640\" \/>\n\t<meta property=\"og:image:height\" content=\"336\" \/>\n\t<meta property=\"og:image:type\" content=\"image\/jpeg\" \/>\n<meta name=\"author\" content=\"Boris\" \/>\n<meta name=\"twitter:card\" content=\"summary_large_image\" \/>\n<meta name=\"twitter:label1\" content=\"Napisao\/la\" \/>\n\t<meta name=\"twitter:data1\" content=\"Boris\" \/>\n\t<meta name=\"twitter:label2\" content=\"Procijenjeno vrijeme \u010ditanja\" \/>\n\t<meta name=\"twitter:data2\" content=\"1 minuta\" \/>\n<script type=\"application\/ld+json\" class=\"yoast-schema-graph\">{\"@context\":\"https:\/\/schema.org\",\"@graph\":[{\"@type\":\"WebPage\",\"@id\":\"https:\/\/www.vegaintro-projekti.com\/pilar-stari\/2018\/01\/predstavljanje-knjige-kultura-sjecanja-izmedu-emocija-i-institucija\/\",\"url\":\"https:\/\/www.vegaintro-projekti.com\/pilar-stari\/2018\/01\/predstavljanje-knjige-kultura-sjecanja-izmedu-emocija-i-institucija\/\",\"name\":\"Predstavljanje knjige KULTURA SJE\u0106ANJA IZME\u0110U EMOCIJA I INSTITUCIJA - Institut dru&scaron;tvenih znanosti Ivo Pilar\",\"isPartOf\":{\"@id\":\"https:\/\/www.vegaintro-projekti.com\/pilar-stari\/#website\"},\"datePublished\":\"2018-01-23T17:49:50+00:00\",\"dateModified\":\"2018-03-23T18:26:36+00:00\",\"author\":{\"@id\":\"https:\/\/www.vegaintro-projekti.com\/pilar-stari\/#\/schema\/person\/ddd404c9f1e15e4ffef5986ac6a5d28b\"},\"breadcrumb\":{\"@id\":\"https:\/\/www.vegaintro-projekti.com\/pilar-stari\/2018\/01\/predstavljanje-knjige-kultura-sjecanja-izmedu-emocija-i-institucija\/#breadcrumb\"},\"inLanguage\":\"hr\",\"potentialAction\":[{\"@type\":\"ReadAction\",\"target\":[\"https:\/\/www.vegaintro-projekti.com\/pilar-stari\/2018\/01\/predstavljanje-knjige-kultura-sjecanja-izmedu-emocija-i-institucija\/\"]}]},{\"@type\":\"BreadcrumbList\",\"@id\":\"https:\/\/www.vegaintro-projekti.com\/pilar-stari\/2018\/01\/predstavljanje-knjige-kultura-sjecanja-izmedu-emocija-i-institucija\/#breadcrumb\",\"itemListElement\":[{\"@type\":\"ListItem\",\"position\":1,\"name\":\"Home\",\"item\":\"https:\/\/www.vegaintro-projekti.com\/pilar-stari\/\"},{\"@type\":\"ListItem\",\"position\":2,\"name\":\"Predstavljanje knjige KULTURA SJE\u0106ANJA IZME\u0110U EMOCIJA I INSTITUCIJA\"}]},{\"@type\":\"WebSite\",\"@id\":\"https:\/\/www.vegaintro-projekti.com\/pilar-stari\/#website\",\"url\":\"https:\/\/www.vegaintro-projekti.com\/pilar-stari\/\",\"name\":\"Institut dru&scaron;tvenih znanosti Ivo Pilar\",\"description\":\"Pilar\",\"potentialAction\":[{\"@type\":\"SearchAction\",\"target\":{\"@type\":\"EntryPoint\",\"urlTemplate\":\"https:\/\/www.vegaintro-projekti.com\/pilar-stari\/?s={search_term_string}\"},\"query-input\":\"required name=search_term_string\"}],\"inLanguage\":\"hr\"},{\"@type\":\"Person\",\"@id\":\"https:\/\/www.vegaintro-projekti.com\/pilar-stari\/#\/schema\/person\/ddd404c9f1e15e4ffef5986ac6a5d28b\",\"name\":\"Boris\",\"image\":{\"@type\":\"ImageObject\",\"inLanguage\":\"hr\",\"@id\":\"https:\/\/www.vegaintro-projekti.com\/pilar-stari\/#\/schema\/person\/image\/\",\"url\":\"https:\/\/secure.gravatar.com\/avatar\/29557b161a6ce6ab86ac1503164f1e90?s=96&d=mm&r=g\",\"contentUrl\":\"https:\/\/secure.gravatar.com\/avatar\/29557b161a6ce6ab86ac1503164f1e90?s=96&d=mm&r=g\",\"caption\":\"Boris\"},\"url\":\"https:\/\/www.vegaintro-projekti.com\/pilar-stari\/author\/boris\/\"}]}<\/script>\n<!-- \/ Yoast SEO plugin. -->","yoast_head_json":{"title":"Predstavljanje knjige KULTURA SJE\u0106ANJA IZME\u0110U EMOCIJA I INSTITUCIJA - Institut dru&scaron;tvenih znanosti Ivo Pilar","robots":{"index":"noindex","follow":"follow","max-snippet":"max-snippet:-1","max-image-preview":"max-image-preview:large","max-video-preview":"max-video-preview:-1"},"og_locale":"hr_HR","og_type":"article","og_title":"Predstavljanje knjige KULTURA SJE\u0106ANJA IZME\u0110U EMOCIJA I INSTITUCIJA - Institut dru&scaron;tvenih znanosti Ivo Pilar","og_description":"U lijepo ispunjenoj Mramornoj dvorani Gradskog muzeja Vukovar u dvorcu Eltz 19. sije\u010dnja 2018., u organizaciji Podru\u010dnoga centra Instituta Pilar u Vukovaru i Gradskog muzeja Vukovar, odr\u017eano je sve\u010dano predstavljanje knjige dr. sc. Matea \u017dani\u0107a, znanstvenoga suradnika u Institutu Pilar, &#8220;Kultura sje\u0107anja izme\u0111u emocija i institucija. Reprezentiranje Vukovarske bitke od 1991. do 2016.&#8221; &#8211; Pozivnica&hellip; Pro\u010ditaj vi\u0161e o Predstavljanje knjige KULTURA SJE\u0106ANJA IZME\u0110U EMOCIJA I INSTITUCIJA","og_url":"https:\/\/www.vegaintro-projekti.com\/pilar-stari\/2018\/01\/predstavljanje-knjige-kultura-sjecanja-izmedu-emocija-i-institucija\/","og_site_name":"Institut dru&scaron;tvenih znanosti Ivo Pilar","article_published_time":"2018-01-23T17:49:50+00:00","article_modified_time":"2018-03-23T18:26:36+00:00","og_image":[{"width":640,"height":336,"url":"https:\/\/www.vegaintro-projekti.com\/pilar-stari\/wp-content\/uploads\/2018\/03\/zanic0_s.jpg","type":"image\/jpeg"}],"author":"Boris","twitter_card":"summary_large_image","twitter_misc":{"Napisao\/la":"Boris","Procijenjeno vrijeme \u010ditanja":"1 minuta"},"schema":{"@context":"https:\/\/schema.org","@graph":[{"@type":"WebPage","@id":"https:\/\/www.vegaintro-projekti.com\/pilar-stari\/2018\/01\/predstavljanje-knjige-kultura-sjecanja-izmedu-emocija-i-institucija\/","url":"https:\/\/www.vegaintro-projekti.com\/pilar-stari\/2018\/01\/predstavljanje-knjige-kultura-sjecanja-izmedu-emocija-i-institucija\/","name":"Predstavljanje knjige KULTURA SJE\u0106ANJA IZME\u0110U EMOCIJA I INSTITUCIJA - Institut dru&scaron;tvenih znanosti Ivo Pilar","isPartOf":{"@id":"https:\/\/www.vegaintro-projekti.com\/pilar-stari\/#website"},"datePublished":"2018-01-23T17:49:50+00:00","dateModified":"2018-03-23T18:26:36+00:00","author":{"@id":"https:\/\/www.vegaintro-projekti.com\/pilar-stari\/#\/schema\/person\/ddd404c9f1e15e4ffef5986ac6a5d28b"},"breadcrumb":{"@id":"https:\/\/www.vegaintro-projekti.com\/pilar-stari\/2018\/01\/predstavljanje-knjige-kultura-sjecanja-izmedu-emocija-i-institucija\/#breadcrumb"},"inLanguage":"hr","potentialAction":[{"@type":"ReadAction","target":["https:\/\/www.vegaintro-projekti.com\/pilar-stari\/2018\/01\/predstavljanje-knjige-kultura-sjecanja-izmedu-emocija-i-institucija\/"]}]},{"@type":"BreadcrumbList","@id":"https:\/\/www.vegaintro-projekti.com\/pilar-stari\/2018\/01\/predstavljanje-knjige-kultura-sjecanja-izmedu-emocija-i-institucija\/#breadcrumb","itemListElement":[{"@type":"ListItem","position":1,"name":"Home","item":"https:\/\/www.vegaintro-projekti.com\/pilar-stari\/"},{"@type":"ListItem","position":2,"name":"Predstavljanje knjige KULTURA SJE\u0106ANJA IZME\u0110U EMOCIJA I INSTITUCIJA"}]},{"@type":"WebSite","@id":"https:\/\/www.vegaintro-projekti.com\/pilar-stari\/#website","url":"https:\/\/www.vegaintro-projekti.com\/pilar-stari\/","name":"Institut dru&scaron;tvenih znanosti Ivo Pilar","description":"Pilar","potentialAction":[{"@type":"SearchAction","target":{"@type":"EntryPoint","urlTemplate":"https:\/\/www.vegaintro-projekti.com\/pilar-stari\/?s={search_term_string}"},"query-input":"required name=search_term_string"}],"inLanguage":"hr"},{"@type":"Person","@id":"https:\/\/www.vegaintro-projekti.com\/pilar-stari\/#\/schema\/person\/ddd404c9f1e15e4ffef5986ac6a5d28b","name":"Boris","image":{"@type":"ImageObject","inLanguage":"hr","@id":"https:\/\/www.vegaintro-projekti.com\/pilar-stari\/#\/schema\/person\/image\/","url":"https:\/\/secure.gravatar.com\/avatar\/29557b161a6ce6ab86ac1503164f1e90?s=96&d=mm&r=g","contentUrl":"https:\/\/secure.gravatar.com\/avatar\/29557b161a6ce6ab86ac1503164f1e90?s=96&d=mm&r=g","caption":"Boris"},"url":"https:\/\/www.vegaintro-projekti.com\/pilar-stari\/author\/boris\/"}]}},"_links":{"self":[{"href":"https:\/\/www.vegaintro-projekti.com\/pilar-stari\/wp-json\/wp\/v2\/posts\/9722"}],"collection":[{"href":"https:\/\/www.vegaintro-projekti.com\/pilar-stari\/wp-json\/wp\/v2\/posts"}],"about":[{"href":"https:\/\/www.vegaintro-projekti.com\/pilar-stari\/wp-json\/wp\/v2\/types\/post"}],"author":[{"embeddable":true,"href":"https:\/\/www.vegaintro-projekti.com\/pilar-stari\/wp-json\/wp\/v2\/users\/7"}],"replies":[{"embeddable":true,"href":"https:\/\/www.vegaintro-projekti.com\/pilar-stari\/wp-json\/wp\/v2\/comments?post=9722"}],"version-history":[{"count":5,"href":"https:\/\/www.vegaintro-projekti.com\/pilar-stari\/wp-json\/wp\/v2\/posts\/9722\/revisions"}],"predecessor-version":[{"id":9727,"href":"https:\/\/www.vegaintro-projekti.com\/pilar-stari\/wp-json\/wp\/v2\/posts\/9722\/revisions\/9727"}],"wp:featuredmedia":[{"embeddable":true,"href":"https:\/\/www.vegaintro-projekti.com\/pilar-stari\/wp-json\/wp\/v2\/media\/9715"}],"wp:attachment":[{"href":"https:\/\/www.vegaintro-projekti.com\/pilar-stari\/wp-json\/wp\/v2\/media?parent=9722"}],"wp:term":[{"taxonomy":"category","embeddable":true,"href":"https:\/\/www.vegaintro-projekti.com\/pilar-stari\/wp-json\/wp\/v2\/categories?post=9722"},{"taxonomy":"post_tag","embeddable":true,"href":"https:\/\/www.vegaintro-projekti.com\/pilar-stari\/wp-json\/wp\/v2\/tags?post=9722"}],"curies":[{"name":"wp","href":"https:\/\/api.w.org\/{rel}","templated":true}]}}