{"id":9751,"date":"2018-03-23T22:15:08","date_gmt":"2018-03-23T22:15:08","guid":{"rendered":"https:\/\/www.vegaintro-projekti.com\/pilar-stari\/?p=9751"},"modified":"2019-08-22T13:40:17","modified_gmt":"2019-08-22T13:40:17","slug":"projekt-promise-sastanak-i-radionice-u-portu-28-2-2-3-2018","status":"publish","type":"post","link":"https:\/\/www.vegaintro-projekti.com\/pilar-stari\/2018\/03\/projekt-promise-sastanak-i-radionice-u-portu-28-2-2-3-2018\/","title":{"rendered":"Projekt PROMISE: Sastanak i radionice u Portugalu, 28. 2. &#8211; 2. 3. 2018."},"content":{"rendered":"<p><strong>U Portu su od 28. velja\u010de do 2. o\u017eujka 2018. na Universidade Cat\u00f3lica Portuguesa odr\u017eani sastanak i radionice istra\u017eiva\u010dkih timova Obzor 2020, projekta PROMISE<\/strong><\/p>\n<p><a href=\"https:\/\/www.vegaintro-projekti.com\/pilar-stari\/wp-content\/uploads\/2018\/03\/Porto_2.jpg\"><img decoding=\"async\" loading=\"lazy\" class=\"alignnone wp-image-9750\" src=\"https:\/\/www.vegaintro-projekti.com\/pilar-stari\/wp-content\/uploads\/2018\/03\/Porto_2_s-300x168.jpg\" alt=\"\" width=\"307\" height=\"172\" srcset=\"https:\/\/www.vegaintro-projekti.com\/pilar-stari\/wp-content\/uploads\/2018\/03\/Porto_2_s-300x168.jpg 300w, https:\/\/www.vegaintro-projekti.com\/pilar-stari\/wp-content\/uploads\/2018\/03\/Porto_2_s.jpg 314w\" sizes=\"(max-width: 307px) 100vw, 307px\" \/><\/a><a href=\"https:\/\/www.vegaintro-projekti.com\/pilar-stari\/wp-content\/uploads\/2018\/03\/Porto_1.jpg\"><img decoding=\"async\" loading=\"lazy\" class=\"alignnone wp-image-9748\" src=\"https:\/\/www.vegaintro-projekti.com\/pilar-stari\/wp-content\/uploads\/2018\/03\/Porto_1_s-300x168.jpg\" alt=\"\" width=\"307\" height=\"172\" srcset=\"https:\/\/www.vegaintro-projekti.com\/pilar-stari\/wp-content\/uploads\/2018\/03\/Porto_1_s-300x168.jpg 300w, https:\/\/www.vegaintro-projekti.com\/pilar-stari\/wp-content\/uploads\/2018\/03\/Porto_1_s.jpg 314w\" sizes=\"(max-width: 307px) 100vw, 307px\" \/><\/a><a href=\"https:\/\/www.vegaintro-projekti.com\/pilar-stari\/wp-content\/uploads\/2018\/03\/Porto_0.jpg\"><img decoding=\"async\" loading=\"lazy\" class=\"alignnone wp-image-9746 \" src=\"https:\/\/www.vegaintro-projekti.com\/pilar-stari\/wp-content\/uploads\/2018\/03\/Porto_0_s.jpg\" alt=\"\" width=\"615\" height=\"367\" srcset=\"https:\/\/www.vegaintro-projekti.com\/pilar-stari\/wp-content\/uploads\/2018\/03\/Porto_0_s.jpg 640w, https:\/\/www.vegaintro-projekti.com\/pilar-stari\/wp-content\/uploads\/2018\/03\/Porto_0_s-300x179.jpg 300w\" sizes=\"(max-width: 615px) 100vw, 615px\" \/><\/a><\/p>\n<p><span style=\"font-size: 8pt;\"><strong>Projekt PROMISE: Sastanak i radionice u Portu, 28. 2. &#8211; 2. 3. 2018.<\/strong><\/span><\/p>\n<p>Prvoga dana u Cascaisu je odr\u017eana konferencija pod naslovom \u201eYouth Social Engagement \u2013 opportunities and challenges for &#8216;conflicted&#8217; young people across Europe\u201c. Sljede\u0107a dva dana uspje\u0161no su odr\u017eani sastanci radnih skupina u vezi s analizom prikupljenih podataka i definiranjem budu\u0107ih istra\u017eiva\u010dkih i analiti\u010dkih zadataka. Tako\u0111er, tijekom susreta timova u Portu raspravljalo se o izradi preporuka za javne politike o mladima i daljnjoj diseminaciji istra\u017eiva\u010dkih nalaza.<\/p>\n<blockquote><p><a href=\"https:\/\/cordis.europa.eu\/project\/rcn\/202648_en.html\">Projekt PROMISE<\/a><\/p><\/blockquote>\n","protected":false},"excerpt":{"rendered":"<p>U Portu su od 28. velja\u010de do 2. o\u017eujka 2018. na Universidade Cat\u00f3lica Portuguesa odr\u017eani sastanak i radionice istra\u017eiva\u010dkih timova Obzor 2020, projekta PROMISE Projekt PROMISE: Sastanak i radionice u Portu, 28. 2. &#8211; 2. 3. 2018. Prvoga dana u Cascaisu je odr\u017eana konferencija pod naslovom \u201eYouth Social Engagement \u2013 opportunities and challenges for &#8216;conflicted&#8217;&hellip; <a class=\"continue\" href=\"https:\/\/www.vegaintro-projekti.com\/pilar-stari\/2018\/03\/projekt-promise-sastanak-i-radionice-u-portu-28-2-2-3-2018\/\">Pro\u010ditaj vi\u0161e o<span> Projekt PROMISE: Sastanak i radionice u Portugalu, 28. 2. &#8211; 2. 3. 2018.<\/span><\/a><\/p>\n","protected":false},"author":7,"featured_media":9746,"comment_status":"closed","ping_status":"closed","sticky":false,"template":"","format":"standard","meta":{"inline_featured_image":false,"ngg_post_thumbnail":0,"footnotes":""},"categories":[29],"tags":[],"yoast_head":"<!-- This site is optimized with the Yoast SEO plugin v21.2 - https:\/\/yoast.com\/wordpress\/plugins\/seo\/ -->\n<title>Projekt PROMISE: Sastanak i radionice u Portugalu, 28. 2. - 2. 3. 2018. - Institut dru&scaron;tvenih znanosti Ivo Pilar<\/title>\n<meta name=\"robots\" content=\"noindex, follow, max-snippet:-1, max-image-preview:large, max-video-preview:-1\" \/>\n<meta property=\"og:locale\" content=\"hr_HR\" \/>\n<meta property=\"og:type\" content=\"article\" \/>\n<meta property=\"og:title\" content=\"Projekt PROMISE: Sastanak i radionice u Portugalu, 28. 2. - 2. 3. 2018. - Institut dru&scaron;tvenih znanosti Ivo Pilar\" \/>\n<meta property=\"og:description\" content=\"U Portu su od 28. velja\u010de do 2. o\u017eujka 2018. na Universidade Cat\u00f3lica Portuguesa odr\u017eani sastanak i radionice istra\u017eiva\u010dkih timova Obzor 2020, projekta PROMISE Projekt PROMISE: Sastanak i radionice u Portu, 28. 2. &#8211; 2. 3. 2018. Prvoga dana u Cascaisu je odr\u017eana konferencija pod naslovom \u201eYouth Social Engagement \u2013 opportunities and challenges for &#8216;conflicted&#8217;&hellip; Pro\u010ditaj vi\u0161e o Projekt PROMISE: Sastanak i radionice u Portugalu, 28. 2. &#8211; 2. 3. 2018.\" \/>\n<meta property=\"og:url\" content=\"https:\/\/www.vegaintro-projekti.com\/pilar-stari\/2018\/03\/projekt-promise-sastanak-i-radionice-u-portu-28-2-2-3-2018\/\" \/>\n<meta property=\"og:site_name\" content=\"Institut dru&scaron;tvenih znanosti Ivo Pilar\" \/>\n<meta property=\"article:published_time\" content=\"2018-03-23T22:15:08+00:00\" \/>\n<meta property=\"article:modified_time\" content=\"2019-08-22T13:40:17+00:00\" \/>\n<meta property=\"og:image\" content=\"https:\/\/www.vegaintro-projekti.com\/pilar-stari\/wp-content\/uploads\/2018\/03\/Porto_0_s.jpg\" \/>\n\t<meta property=\"og:image:width\" content=\"640\" \/>\n\t<meta property=\"og:image:height\" content=\"382\" \/>\n\t<meta property=\"og:image:type\" content=\"image\/jpeg\" \/>\n<meta name=\"author\" content=\"Boris\" \/>\n<meta name=\"twitter:card\" content=\"summary_large_image\" \/>\n<meta name=\"twitter:label1\" content=\"Napisao\/la\" \/>\n\t<meta name=\"twitter:data1\" content=\"Boris\" \/>\n\t<meta name=\"twitter:label2\" content=\"Procijenjeno vrijeme \u010ditanja\" \/>\n\t<meta name=\"twitter:data2\" content=\"1 minuta\" \/>\n<script type=\"application\/ld+json\" class=\"yoast-schema-graph\">{\"@context\":\"https:\/\/schema.org\",\"@graph\":[{\"@type\":\"WebPage\",\"@id\":\"https:\/\/www.vegaintro-projekti.com\/pilar-stari\/2018\/03\/projekt-promise-sastanak-i-radionice-u-portu-28-2-2-3-2018\/\",\"url\":\"https:\/\/www.vegaintro-projekti.com\/pilar-stari\/2018\/03\/projekt-promise-sastanak-i-radionice-u-portu-28-2-2-3-2018\/\",\"name\":\"Projekt PROMISE: Sastanak i radionice u Portugalu, 28. 2. - 2. 3. 2018. - Institut dru&scaron;tvenih znanosti Ivo Pilar\",\"isPartOf\":{\"@id\":\"https:\/\/www.vegaintro-projekti.com\/pilar-stari\/#website\"},\"datePublished\":\"2018-03-23T22:15:08+00:00\",\"dateModified\":\"2019-08-22T13:40:17+00:00\",\"author\":{\"@id\":\"https:\/\/www.vegaintro-projekti.com\/pilar-stari\/#\/schema\/person\/ddd404c9f1e15e4ffef5986ac6a5d28b\"},\"breadcrumb\":{\"@id\":\"https:\/\/www.vegaintro-projekti.com\/pilar-stari\/2018\/03\/projekt-promise-sastanak-i-radionice-u-portu-28-2-2-3-2018\/#breadcrumb\"},\"inLanguage\":\"hr\",\"potentialAction\":[{\"@type\":\"ReadAction\",\"target\":[\"https:\/\/www.vegaintro-projekti.com\/pilar-stari\/2018\/03\/projekt-promise-sastanak-i-radionice-u-portu-28-2-2-3-2018\/\"]}]},{\"@type\":\"BreadcrumbList\",\"@id\":\"https:\/\/www.vegaintro-projekti.com\/pilar-stari\/2018\/03\/projekt-promise-sastanak-i-radionice-u-portu-28-2-2-3-2018\/#breadcrumb\",\"itemListElement\":[{\"@type\":\"ListItem\",\"position\":1,\"name\":\"Home\",\"item\":\"https:\/\/www.vegaintro-projekti.com\/pilar-stari\/\"},{\"@type\":\"ListItem\",\"position\":2,\"name\":\"Projekt PROMISE: Sastanak i radionice u Portugalu, 28. 2. &#8211; 2. 3. 2018.\"}]},{\"@type\":\"WebSite\",\"@id\":\"https:\/\/www.vegaintro-projekti.com\/pilar-stari\/#website\",\"url\":\"https:\/\/www.vegaintro-projekti.com\/pilar-stari\/\",\"name\":\"Institut dru&scaron;tvenih znanosti Ivo Pilar\",\"description\":\"Pilar\",\"potentialAction\":[{\"@type\":\"SearchAction\",\"target\":{\"@type\":\"EntryPoint\",\"urlTemplate\":\"https:\/\/www.vegaintro-projekti.com\/pilar-stari\/?s={search_term_string}\"},\"query-input\":\"required name=search_term_string\"}],\"inLanguage\":\"hr\"},{\"@type\":\"Person\",\"@id\":\"https:\/\/www.vegaintro-projekti.com\/pilar-stari\/#\/schema\/person\/ddd404c9f1e15e4ffef5986ac6a5d28b\",\"name\":\"Boris\",\"image\":{\"@type\":\"ImageObject\",\"inLanguage\":\"hr\",\"@id\":\"https:\/\/www.vegaintro-projekti.com\/pilar-stari\/#\/schema\/person\/image\/\",\"url\":\"https:\/\/secure.gravatar.com\/avatar\/29557b161a6ce6ab86ac1503164f1e90?s=96&d=mm&r=g\",\"contentUrl\":\"https:\/\/secure.gravatar.com\/avatar\/29557b161a6ce6ab86ac1503164f1e90?s=96&d=mm&r=g\",\"caption\":\"Boris\"},\"url\":\"https:\/\/www.vegaintro-projekti.com\/pilar-stari\/author\/boris\/\"}]}<\/script>\n<!-- \/ Yoast SEO plugin. -->","yoast_head_json":{"title":"Projekt PROMISE: Sastanak i radionice u Portugalu, 28. 2. - 2. 3. 2018. - Institut dru&scaron;tvenih znanosti Ivo Pilar","robots":{"index":"noindex","follow":"follow","max-snippet":"max-snippet:-1","max-image-preview":"max-image-preview:large","max-video-preview":"max-video-preview:-1"},"og_locale":"hr_HR","og_type":"article","og_title":"Projekt PROMISE: Sastanak i radionice u Portugalu, 28. 2. - 2. 3. 2018. - Institut dru&scaron;tvenih znanosti Ivo Pilar","og_description":"U Portu su od 28. velja\u010de do 2. o\u017eujka 2018. na Universidade Cat\u00f3lica Portuguesa odr\u017eani sastanak i radionice istra\u017eiva\u010dkih timova Obzor 2020, projekta PROMISE Projekt PROMISE: Sastanak i radionice u Portu, 28. 2. &#8211; 2. 3. 2018. Prvoga dana u Cascaisu je odr\u017eana konferencija pod naslovom \u201eYouth Social Engagement \u2013 opportunities and challenges for &#8216;conflicted&#8217;&hellip; Pro\u010ditaj vi\u0161e o Projekt PROMISE: Sastanak i radionice u Portugalu, 28. 2. &#8211; 2. 3. 2018.","og_url":"https:\/\/www.vegaintro-projekti.com\/pilar-stari\/2018\/03\/projekt-promise-sastanak-i-radionice-u-portu-28-2-2-3-2018\/","og_site_name":"Institut dru&scaron;tvenih znanosti Ivo Pilar","article_published_time":"2018-03-23T22:15:08+00:00","article_modified_time":"2019-08-22T13:40:17+00:00","og_image":[{"width":640,"height":382,"url":"https:\/\/www.vegaintro-projekti.com\/pilar-stari\/wp-content\/uploads\/2018\/03\/Porto_0_s.jpg","type":"image\/jpeg"}],"author":"Boris","twitter_card":"summary_large_image","twitter_misc":{"Napisao\/la":"Boris","Procijenjeno vrijeme \u010ditanja":"1 minuta"},"schema":{"@context":"https:\/\/schema.org","@graph":[{"@type":"WebPage","@id":"https:\/\/www.vegaintro-projekti.com\/pilar-stari\/2018\/03\/projekt-promise-sastanak-i-radionice-u-portu-28-2-2-3-2018\/","url":"https:\/\/www.vegaintro-projekti.com\/pilar-stari\/2018\/03\/projekt-promise-sastanak-i-radionice-u-portu-28-2-2-3-2018\/","name":"Projekt PROMISE: Sastanak i radionice u Portugalu, 28. 2. - 2. 3. 2018. - Institut dru&scaron;tvenih znanosti Ivo Pilar","isPartOf":{"@id":"https:\/\/www.vegaintro-projekti.com\/pilar-stari\/#website"},"datePublished":"2018-03-23T22:15:08+00:00","dateModified":"2019-08-22T13:40:17+00:00","author":{"@id":"https:\/\/www.vegaintro-projekti.com\/pilar-stari\/#\/schema\/person\/ddd404c9f1e15e4ffef5986ac6a5d28b"},"breadcrumb":{"@id":"https:\/\/www.vegaintro-projekti.com\/pilar-stari\/2018\/03\/projekt-promise-sastanak-i-radionice-u-portu-28-2-2-3-2018\/#breadcrumb"},"inLanguage":"hr","potentialAction":[{"@type":"ReadAction","target":["https:\/\/www.vegaintro-projekti.com\/pilar-stari\/2018\/03\/projekt-promise-sastanak-i-radionice-u-portu-28-2-2-3-2018\/"]}]},{"@type":"BreadcrumbList","@id":"https:\/\/www.vegaintro-projekti.com\/pilar-stari\/2018\/03\/projekt-promise-sastanak-i-radionice-u-portu-28-2-2-3-2018\/#breadcrumb","itemListElement":[{"@type":"ListItem","position":1,"name":"Home","item":"https:\/\/www.vegaintro-projekti.com\/pilar-stari\/"},{"@type":"ListItem","position":2,"name":"Projekt PROMISE: Sastanak i radionice u Portugalu, 28. 2. &#8211; 2. 3. 2018."}]},{"@type":"WebSite","@id":"https:\/\/www.vegaintro-projekti.com\/pilar-stari\/#website","url":"https:\/\/www.vegaintro-projekti.com\/pilar-stari\/","name":"Institut dru&scaron;tvenih znanosti Ivo Pilar","description":"Pilar","potentialAction":[{"@type":"SearchAction","target":{"@type":"EntryPoint","urlTemplate":"https:\/\/www.vegaintro-projekti.com\/pilar-stari\/?s={search_term_string}"},"query-input":"required name=search_term_string"}],"inLanguage":"hr"},{"@type":"Person","@id":"https:\/\/www.vegaintro-projekti.com\/pilar-stari\/#\/schema\/person\/ddd404c9f1e15e4ffef5986ac6a5d28b","name":"Boris","image":{"@type":"ImageObject","inLanguage":"hr","@id":"https:\/\/www.vegaintro-projekti.com\/pilar-stari\/#\/schema\/person\/image\/","url":"https:\/\/secure.gravatar.com\/avatar\/29557b161a6ce6ab86ac1503164f1e90?s=96&d=mm&r=g","contentUrl":"https:\/\/secure.gravatar.com\/avatar\/29557b161a6ce6ab86ac1503164f1e90?s=96&d=mm&r=g","caption":"Boris"},"url":"https:\/\/www.vegaintro-projekti.com\/pilar-stari\/author\/boris\/"}]}},"_links":{"self":[{"href":"https:\/\/www.vegaintro-projekti.com\/pilar-stari\/wp-json\/wp\/v2\/posts\/9751"}],"collection":[{"href":"https:\/\/www.vegaintro-projekti.com\/pilar-stari\/wp-json\/wp\/v2\/posts"}],"about":[{"href":"https:\/\/www.vegaintro-projekti.com\/pilar-stari\/wp-json\/wp\/v2\/types\/post"}],"author":[{"embeddable":true,"href":"https:\/\/www.vegaintro-projekti.com\/pilar-stari\/wp-json\/wp\/v2\/users\/7"}],"replies":[{"embeddable":true,"href":"https:\/\/www.vegaintro-projekti.com\/pilar-stari\/wp-json\/wp\/v2\/comments?post=9751"}],"version-history":[{"count":5,"href":"https:\/\/www.vegaintro-projekti.com\/pilar-stari\/wp-json\/wp\/v2\/posts\/9751\/revisions"}],"predecessor-version":[{"id":9756,"href":"https:\/\/www.vegaintro-projekti.com\/pilar-stari\/wp-json\/wp\/v2\/posts\/9751\/revisions\/9756"}],"wp:featuredmedia":[{"embeddable":true,"href":"https:\/\/www.vegaintro-projekti.com\/pilar-stari\/wp-json\/wp\/v2\/media\/9746"}],"wp:attachment":[{"href":"https:\/\/www.vegaintro-projekti.com\/pilar-stari\/wp-json\/wp\/v2\/media?parent=9751"}],"wp:term":[{"taxonomy":"category","embeddable":true,"href":"https:\/\/www.vegaintro-projekti.com\/pilar-stari\/wp-json\/wp\/v2\/categories?post=9751"},{"taxonomy":"post_tag","embeddable":true,"href":"https:\/\/www.vegaintro-projekti.com\/pilar-stari\/wp-json\/wp\/v2\/tags?post=9751"}],"curies":[{"name":"wp","href":"https:\/\/api.w.org\/{rel}","templated":true}]}}