{"id":9808,"date":"2018-04-08T22:07:57","date_gmt":"2018-04-08T22:07:57","guid":{"rendered":"https:\/\/www.vegaintro-projekti.com\/pilar-stari\/?p=9808"},"modified":"2019-08-22T13:43:22","modified_gmt":"2019-08-22T13:43:22","slug":"obiljezavanje-spomen-dana-zrtvama-komunistickog-terora-u-vukovaru-12-4-2018","status":"publish","type":"post","link":"https:\/\/www.vegaintro-projekti.com\/pilar-stari\/2018\/04\/obiljezavanje-spomen-dana-zrtvama-komunistickog-terora-u-vukovaru-12-4-2018\/","title":{"rendered":"Obilje\u017eavanje Spomen-dana \u017ertvama komunisti\u010dkog terora u Vukovaru, 12. 4. 2018."},"content":{"rendered":"<p><strong>Podru\u010dni centar Instituta Pilar u Vukovaru, tradicionalno, sudjelovao je 12. travnja 2018. godine u obilje\u017eavanju Spomen-dana \u017ertvama komunisti\u010dkog terora u Vukovaru 1945. godine. Uz Podru\u010dni centar organizatori Spomen-dana su Franjeva\u010dki samostan u Vukovaru, Udruga Nijemaca i Austrijanaca Vukovar, Udruga Ma\u0111ara grada Vukovara i Ogranak Matice hrvatske u Vukovaru &#8211; <a href=\"https:\/\/www.vegaintro-projekti.com\/pilar-stari\/wp-content\/uploads\/2018\/04\/spomen-dan-pozivnica.pdf\">Program<br \/>\n<\/a><\/strong><\/p>\n<p><a href=\"https:\/\/www.vegaintro-projekti.com\/pilar-stari\/wp-content\/uploads\/2018\/04\/DSC_0252.jpg\"><img decoding=\"async\" loading=\"lazy\" class=\"alignnone wp-image-9867\" src=\"https:\/\/www.vegaintro-projekti.com\/pilar-stari\/wp-content\/uploads\/2018\/04\/DSC_0252s-300x168.jpg\" alt=\"\" width=\"309\" height=\"173\" srcset=\"https:\/\/www.vegaintro-projekti.com\/pilar-stari\/wp-content\/uploads\/2018\/04\/DSC_0252s-300x168.jpg 300w, https:\/\/www.vegaintro-projekti.com\/pilar-stari\/wp-content\/uploads\/2018\/04\/DSC_0252s.jpg 310w\" sizes=\"(max-width: 309px) 100vw, 309px\" \/><\/a><a href=\"https:\/\/www.vegaintro-projekti.com\/pilar-stari\/wp-content\/uploads\/2018\/04\/DSC_0244.jpg\"><img decoding=\"async\" loading=\"lazy\" class=\"alignnone wp-image-9865\" src=\"https:\/\/www.vegaintro-projekti.com\/pilar-stari\/wp-content\/uploads\/2018\/04\/DSC_0244s-300x168.jpg\" alt=\"\" width=\"309\" height=\"173\" srcset=\"https:\/\/www.vegaintro-projekti.com\/pilar-stari\/wp-content\/uploads\/2018\/04\/DSC_0244s-300x168.jpg 300w, https:\/\/www.vegaintro-projekti.com\/pilar-stari\/wp-content\/uploads\/2018\/04\/DSC_0244s.jpg 310w\" sizes=\"(max-width: 309px) 100vw, 309px\" \/><\/a><a href=\"https:\/\/www.vegaintro-projekti.com\/pilar-stari\/wp-content\/uploads\/2018\/04\/DSC_0266.jpg\"><img decoding=\"async\" loading=\"lazy\" class=\"alignnone wp-image-9869\" src=\"https:\/\/www.vegaintro-projekti.com\/pilar-stari\/wp-content\/uploads\/2018\/04\/DSC_0266s-300x168.jpg\" alt=\"\" width=\"308\" height=\"173\" srcset=\"https:\/\/www.vegaintro-projekti.com\/pilar-stari\/wp-content\/uploads\/2018\/04\/DSC_0266s-300x168.jpg 300w, https:\/\/www.vegaintro-projekti.com\/pilar-stari\/wp-content\/uploads\/2018\/04\/DSC_0266s.jpg 310w\" sizes=\"(max-width: 308px) 100vw, 308px\" \/><\/a><a href=\"https:\/\/www.vegaintro-projekti.com\/pilar-stari\/wp-content\/uploads\/2018\/04\/DSC_0271.jpg\"><img decoding=\"async\" loading=\"lazy\" class=\"alignnone wp-image-9871\" src=\"https:\/\/www.vegaintro-projekti.com\/pilar-stari\/wp-content\/uploads\/2018\/04\/DSC_0271s-300x168.jpg\" alt=\"\" width=\"309\" height=\"173\" srcset=\"https:\/\/www.vegaintro-projekti.com\/pilar-stari\/wp-content\/uploads\/2018\/04\/DSC_0271s-300x168.jpg 300w, https:\/\/www.vegaintro-projekti.com\/pilar-stari\/wp-content\/uploads\/2018\/04\/DSC_0271s.jpg 310w\" sizes=\"(max-width: 309px) 100vw, 309px\" \/><\/a><\/p>\n<p><span style=\"font-size: 8pt;\"><strong>Obilje\u017eavanje Spomen-dana \u017ertvama komunisti\u010dkog terora u Vukovaru, 12. travnja 2018.<\/strong><\/span><\/p>\n<p>Obilje\u017eavanje je imalo tri dijela. U prvom dijelu kod spomen-kri\u017ea ubijenima 1945. godine, u parku ispred crkve sv. Filipa i Jakova, polo\u017eeni su vijenci i zapaljenje svije\u0107e, a molitvu je predvodio biskup vara\u017edinski msgr. Josip Mrzljak. Vijence su polo\u017eili djeca ubijenih, predstavnici udruga, g. Damir Barna, zamjenik vukovarsko-srijemskog \u017eupana te izaslanstvo Grada Vukovara, predvo\u0111eno gradona\u010delnikom Ivanom Penavom, zamjenicima gradona\u010delnika g\u0111om Ivanom Mujki\u0107 i g. Marijanom Pavli\u010dekom te predsjednikom Gradskoga vije\u0107a g. Tomislavom \u0160otom. Potom je u crkvi sv. Filipa i Jakova biskup Mrzljak, u zajedni\u0161tvu s vukovarskim gvarijanom fra Ivicom Jagodi\u0107em, \u017eupnim vikarom fra Matijom Mariji\u0107em, \u017eupnikom iz Borova naselja fra Slavkom Mili\u0107em, \u0111akonom fra Androm Tomislavom Glu\u0161\u010di\u0107em te biskupovim tajnikom vl\u010d. Nikolom Toma\u0161evi\u0107em, predslavio sve\u010danu spomen misu. U nazo\u010dnosti brojnih vjernika i predstavnika \u017eupanijske i gradske vlasti svetoj misi nazo\u010dio je i grof Georg Eltz. Nakon svete mise u Pastoralnom centru sv. Bono predstavljena je knjiga &#8220;Hrvati pod KOS-ovim krilom: Zavr\u0161ni ra\u010dun Haa\u0161kog suda&#8221;. Knjigu su uz inserte iz dokumentarnog filma &#8220;Zaustavljeni glas&#8221; predstavili prof. dr. sc. \u017deljko Tanji\u0107, rektor Hrvatskoga katoli\u010dkog sveu\u010dili\u0161ta i Vi\u0161nja Stare\u0161ina, autorica knjige i dokumentarnog filma.<\/p>\n<p>&#8211; <a href=\"https:\/\/www.vegaintro-projekti.com\/pilar-stari\/wp-content\/uploads\/2018\/04\/spomen-dan-pozivnica.pdf\">Pozivnica za obilje\u017eavanje Spomen-dana \u017ertvama komunisti\u010dkog terora u Vukovaru (12. travnja 1945.); Vukovar, 12. travnja 2018.<\/a><\/p>\n<p><a href=\"https:\/\/www.vegaintro-projekti.com\/pilar-stari\/wp-content\/uploads\/2018\/04\/spomen-dan-pozivnica.jpg\"><img decoding=\"async\" loading=\"lazy\" class=\"alignnone wp-image-9806 size-full\" src=\"https:\/\/www.vegaintro-projekti.com\/pilar-stari\/wp-content\/uploads\/2018\/04\/spomen-dan-pozivnica.jpg\" alt=\"\" width=\"630\" height=\"890\" srcset=\"https:\/\/www.vegaintro-projekti.com\/pilar-stari\/wp-content\/uploads\/2018\/04\/spomen-dan-pozivnica.jpg 630w, https:\/\/www.vegaintro-projekti.com\/pilar-stari\/wp-content\/uploads\/2018\/04\/spomen-dan-pozivnica-212x300.jpg 212w\" sizes=\"(max-width: 630px) 100vw, 630px\" \/><\/a><\/p>\n<blockquote><p><a href=\"https:\/\/www.vegaintro-projekti.com\/pilar-stari\/2010\/07\/podruni-centar-vukovar-2\/\">Podru\u010dni centar Vukovar<\/a><\/p><\/blockquote>\n","protected":false},"excerpt":{"rendered":"<p>Podru\u010dni centar Instituta Pilar u Vukovaru, tradicionalno, sudjelovao je 12. travnja 2018. godine u obilje\u017eavanju Spomen-dana \u017ertvama komunisti\u010dkog terora u Vukovaru 1945. godine. Uz Podru\u010dni centar organizatori Spomen-dana su Franjeva\u010dki samostan u Vukovaru, Udruga Nijemaca i Austrijanaca Vukovar, Udruga Ma\u0111ara grada Vukovara i Ogranak Matice hrvatske u Vukovaru &#8211; Program Obilje\u017eavanje Spomen-dana \u017ertvama komunisti\u010dkog terora&hellip; <a class=\"continue\" href=\"https:\/\/www.vegaintro-projekti.com\/pilar-stari\/2018\/04\/obiljezavanje-spomen-dana-zrtvama-komunistickog-terora-u-vukovaru-12-4-2018\/\">Pro\u010ditaj vi\u0161e o<span> Obilje\u017eavanje Spomen-dana \u017ertvama komunisti\u010dkog terora u Vukovaru, 12. 4. 2018.<\/span><\/a><\/p>\n","protected":false},"author":7,"featured_media":9810,"comment_status":"closed","ping_status":"closed","sticky":false,"template":"","format":"standard","meta":{"inline_featured_image":false,"ngg_post_thumbnail":0,"footnotes":""},"categories":[11],"tags":[],"yoast_head":"<!-- This site is optimized with the Yoast SEO plugin v21.2 - https:\/\/yoast.com\/wordpress\/plugins\/seo\/ -->\n<title>Obilje\u017eavanje Spomen-dana \u017ertvama komunisti\u010dkog terora u Vukovaru, 12. 4. 2018. - Institut dru&scaron;tvenih znanosti Ivo Pilar<\/title>\n<meta name=\"robots\" content=\"noindex, follow, max-snippet:-1, max-image-preview:large, max-video-preview:-1\" \/>\n<meta property=\"og:locale\" content=\"hr_HR\" \/>\n<meta property=\"og:type\" content=\"article\" \/>\n<meta property=\"og:title\" content=\"Obilje\u017eavanje Spomen-dana \u017ertvama komunisti\u010dkog terora u Vukovaru, 12. 4. 2018. - Institut dru&scaron;tvenih znanosti Ivo Pilar\" \/>\n<meta property=\"og:description\" content=\"Podru\u010dni centar Instituta Pilar u Vukovaru, tradicionalno, sudjelovao je 12. travnja 2018. godine u obilje\u017eavanju Spomen-dana \u017ertvama komunisti\u010dkog terora u Vukovaru 1945. godine. Uz Podru\u010dni centar organizatori Spomen-dana su Franjeva\u010dki samostan u Vukovaru, Udruga Nijemaca i Austrijanaca Vukovar, Udruga Ma\u0111ara grada Vukovara i Ogranak Matice hrvatske u Vukovaru &#8211; Program Obilje\u017eavanje Spomen-dana \u017ertvama komunisti\u010dkog terora&hellip; Pro\u010ditaj vi\u0161e o Obilje\u017eavanje Spomen-dana \u017ertvama komunisti\u010dkog terora u Vukovaru, 12. 4. 2018.\" \/>\n<meta property=\"og:url\" content=\"https:\/\/www.vegaintro-projekti.com\/pilar-stari\/2018\/04\/obiljezavanje-spomen-dana-zrtvama-komunistickog-terora-u-vukovaru-12-4-2018\/\" \/>\n<meta property=\"og:site_name\" content=\"Institut dru&scaron;tvenih znanosti Ivo Pilar\" \/>\n<meta property=\"article:published_time\" content=\"2018-04-08T22:07:57+00:00\" \/>\n<meta property=\"article:modified_time\" content=\"2019-08-22T13:43:22+00:00\" \/>\n<meta property=\"og:image\" content=\"https:\/\/www.vegaintro-projekti.com\/pilar-stari\/wp-content\/uploads\/2018\/04\/spomen-dan-vu.jpg\" \/>\n\t<meta property=\"og:image:width\" content=\"562\" \/>\n\t<meta property=\"og:image:height\" content=\"187\" \/>\n\t<meta property=\"og:image:type\" content=\"image\/jpeg\" \/>\n<meta name=\"author\" content=\"Boris\" \/>\n<meta name=\"twitter:card\" content=\"summary_large_image\" \/>\n<meta name=\"twitter:label1\" content=\"Napisao\/la\" \/>\n\t<meta name=\"twitter:data1\" content=\"Boris\" \/>\n\t<meta name=\"twitter:label2\" content=\"Procijenjeno vrijeme \u010ditanja\" \/>\n\t<meta name=\"twitter:data2\" content=\"1 minuta\" \/>\n<script type=\"application\/ld+json\" class=\"yoast-schema-graph\">{\"@context\":\"https:\/\/schema.org\",\"@graph\":[{\"@type\":\"WebPage\",\"@id\":\"https:\/\/www.vegaintro-projekti.com\/pilar-stari\/2018\/04\/obiljezavanje-spomen-dana-zrtvama-komunistickog-terora-u-vukovaru-12-4-2018\/\",\"url\":\"https:\/\/www.vegaintro-projekti.com\/pilar-stari\/2018\/04\/obiljezavanje-spomen-dana-zrtvama-komunistickog-terora-u-vukovaru-12-4-2018\/\",\"name\":\"Obilje\u017eavanje Spomen-dana \u017ertvama komunisti\u010dkog terora u Vukovaru, 12. 4. 2018. - Institut dru&scaron;tvenih znanosti Ivo Pilar\",\"isPartOf\":{\"@id\":\"https:\/\/www.vegaintro-projekti.com\/pilar-stari\/#website\"},\"datePublished\":\"2018-04-08T22:07:57+00:00\",\"dateModified\":\"2019-08-22T13:43:22+00:00\",\"author\":{\"@id\":\"https:\/\/www.vegaintro-projekti.com\/pilar-stari\/#\/schema\/person\/ddd404c9f1e15e4ffef5986ac6a5d28b\"},\"breadcrumb\":{\"@id\":\"https:\/\/www.vegaintro-projekti.com\/pilar-stari\/2018\/04\/obiljezavanje-spomen-dana-zrtvama-komunistickog-terora-u-vukovaru-12-4-2018\/#breadcrumb\"},\"inLanguage\":\"hr\",\"potentialAction\":[{\"@type\":\"ReadAction\",\"target\":[\"https:\/\/www.vegaintro-projekti.com\/pilar-stari\/2018\/04\/obiljezavanje-spomen-dana-zrtvama-komunistickog-terora-u-vukovaru-12-4-2018\/\"]}]},{\"@type\":\"BreadcrumbList\",\"@id\":\"https:\/\/www.vegaintro-projekti.com\/pilar-stari\/2018\/04\/obiljezavanje-spomen-dana-zrtvama-komunistickog-terora-u-vukovaru-12-4-2018\/#breadcrumb\",\"itemListElement\":[{\"@type\":\"ListItem\",\"position\":1,\"name\":\"Home\",\"item\":\"https:\/\/www.vegaintro-projekti.com\/pilar-stari\/\"},{\"@type\":\"ListItem\",\"position\":2,\"name\":\"Obilje\u017eavanje Spomen-dana \u017ertvama komunisti\u010dkog terora u Vukovaru, 12. 4. 2018.\"}]},{\"@type\":\"WebSite\",\"@id\":\"https:\/\/www.vegaintro-projekti.com\/pilar-stari\/#website\",\"url\":\"https:\/\/www.vegaintro-projekti.com\/pilar-stari\/\",\"name\":\"Institut dru&scaron;tvenih znanosti Ivo Pilar\",\"description\":\"Pilar\",\"potentialAction\":[{\"@type\":\"SearchAction\",\"target\":{\"@type\":\"EntryPoint\",\"urlTemplate\":\"https:\/\/www.vegaintro-projekti.com\/pilar-stari\/?s={search_term_string}\"},\"query-input\":\"required name=search_term_string\"}],\"inLanguage\":\"hr\"},{\"@type\":\"Person\",\"@id\":\"https:\/\/www.vegaintro-projekti.com\/pilar-stari\/#\/schema\/person\/ddd404c9f1e15e4ffef5986ac6a5d28b\",\"name\":\"Boris\",\"image\":{\"@type\":\"ImageObject\",\"inLanguage\":\"hr\",\"@id\":\"https:\/\/www.vegaintro-projekti.com\/pilar-stari\/#\/schema\/person\/image\/\",\"url\":\"https:\/\/secure.gravatar.com\/avatar\/29557b161a6ce6ab86ac1503164f1e90?s=96&d=mm&r=g\",\"contentUrl\":\"https:\/\/secure.gravatar.com\/avatar\/29557b161a6ce6ab86ac1503164f1e90?s=96&d=mm&r=g\",\"caption\":\"Boris\"},\"url\":\"https:\/\/www.vegaintro-projekti.com\/pilar-stari\/author\/boris\/\"}]}<\/script>\n<!-- \/ Yoast SEO plugin. -->","yoast_head_json":{"title":"Obilje\u017eavanje Spomen-dana \u017ertvama komunisti\u010dkog terora u Vukovaru, 12. 4. 2018. - Institut dru&scaron;tvenih znanosti Ivo Pilar","robots":{"index":"noindex","follow":"follow","max-snippet":"max-snippet:-1","max-image-preview":"max-image-preview:large","max-video-preview":"max-video-preview:-1"},"og_locale":"hr_HR","og_type":"article","og_title":"Obilje\u017eavanje Spomen-dana \u017ertvama komunisti\u010dkog terora u Vukovaru, 12. 4. 2018. - Institut dru&scaron;tvenih znanosti Ivo Pilar","og_description":"Podru\u010dni centar Instituta Pilar u Vukovaru, tradicionalno, sudjelovao je 12. travnja 2018. godine u obilje\u017eavanju Spomen-dana \u017ertvama komunisti\u010dkog terora u Vukovaru 1945. godine. Uz Podru\u010dni centar organizatori Spomen-dana su Franjeva\u010dki samostan u Vukovaru, Udruga Nijemaca i Austrijanaca Vukovar, Udruga Ma\u0111ara grada Vukovara i Ogranak Matice hrvatske u Vukovaru &#8211; Program Obilje\u017eavanje Spomen-dana \u017ertvama komunisti\u010dkog terora&hellip; Pro\u010ditaj vi\u0161e o Obilje\u017eavanje Spomen-dana \u017ertvama komunisti\u010dkog terora u Vukovaru, 12. 4. 2018.","og_url":"https:\/\/www.vegaintro-projekti.com\/pilar-stari\/2018\/04\/obiljezavanje-spomen-dana-zrtvama-komunistickog-terora-u-vukovaru-12-4-2018\/","og_site_name":"Institut dru&scaron;tvenih znanosti Ivo Pilar","article_published_time":"2018-04-08T22:07:57+00:00","article_modified_time":"2019-08-22T13:43:22+00:00","og_image":[{"width":562,"height":187,"url":"https:\/\/www.vegaintro-projekti.com\/pilar-stari\/wp-content\/uploads\/2018\/04\/spomen-dan-vu.jpg","type":"image\/jpeg"}],"author":"Boris","twitter_card":"summary_large_image","twitter_misc":{"Napisao\/la":"Boris","Procijenjeno vrijeme \u010ditanja":"1 minuta"},"schema":{"@context":"https:\/\/schema.org","@graph":[{"@type":"WebPage","@id":"https:\/\/www.vegaintro-projekti.com\/pilar-stari\/2018\/04\/obiljezavanje-spomen-dana-zrtvama-komunistickog-terora-u-vukovaru-12-4-2018\/","url":"https:\/\/www.vegaintro-projekti.com\/pilar-stari\/2018\/04\/obiljezavanje-spomen-dana-zrtvama-komunistickog-terora-u-vukovaru-12-4-2018\/","name":"Obilje\u017eavanje Spomen-dana \u017ertvama komunisti\u010dkog terora u Vukovaru, 12. 4. 2018. - Institut dru&scaron;tvenih znanosti Ivo Pilar","isPartOf":{"@id":"https:\/\/www.vegaintro-projekti.com\/pilar-stari\/#website"},"datePublished":"2018-04-08T22:07:57+00:00","dateModified":"2019-08-22T13:43:22+00:00","author":{"@id":"https:\/\/www.vegaintro-projekti.com\/pilar-stari\/#\/schema\/person\/ddd404c9f1e15e4ffef5986ac6a5d28b"},"breadcrumb":{"@id":"https:\/\/www.vegaintro-projekti.com\/pilar-stari\/2018\/04\/obiljezavanje-spomen-dana-zrtvama-komunistickog-terora-u-vukovaru-12-4-2018\/#breadcrumb"},"inLanguage":"hr","potentialAction":[{"@type":"ReadAction","target":["https:\/\/www.vegaintro-projekti.com\/pilar-stari\/2018\/04\/obiljezavanje-spomen-dana-zrtvama-komunistickog-terora-u-vukovaru-12-4-2018\/"]}]},{"@type":"BreadcrumbList","@id":"https:\/\/www.vegaintro-projekti.com\/pilar-stari\/2018\/04\/obiljezavanje-spomen-dana-zrtvama-komunistickog-terora-u-vukovaru-12-4-2018\/#breadcrumb","itemListElement":[{"@type":"ListItem","position":1,"name":"Home","item":"https:\/\/www.vegaintro-projekti.com\/pilar-stari\/"},{"@type":"ListItem","position":2,"name":"Obilje\u017eavanje Spomen-dana \u017ertvama komunisti\u010dkog terora u Vukovaru, 12. 4. 2018."}]},{"@type":"WebSite","@id":"https:\/\/www.vegaintro-projekti.com\/pilar-stari\/#website","url":"https:\/\/www.vegaintro-projekti.com\/pilar-stari\/","name":"Institut dru&scaron;tvenih znanosti Ivo Pilar","description":"Pilar","potentialAction":[{"@type":"SearchAction","target":{"@type":"EntryPoint","urlTemplate":"https:\/\/www.vegaintro-projekti.com\/pilar-stari\/?s={search_term_string}"},"query-input":"required name=search_term_string"}],"inLanguage":"hr"},{"@type":"Person","@id":"https:\/\/www.vegaintro-projekti.com\/pilar-stari\/#\/schema\/person\/ddd404c9f1e15e4ffef5986ac6a5d28b","name":"Boris","image":{"@type":"ImageObject","inLanguage":"hr","@id":"https:\/\/www.vegaintro-projekti.com\/pilar-stari\/#\/schema\/person\/image\/","url":"https:\/\/secure.gravatar.com\/avatar\/29557b161a6ce6ab86ac1503164f1e90?s=96&d=mm&r=g","contentUrl":"https:\/\/secure.gravatar.com\/avatar\/29557b161a6ce6ab86ac1503164f1e90?s=96&d=mm&r=g","caption":"Boris"},"url":"https:\/\/www.vegaintro-projekti.com\/pilar-stari\/author\/boris\/"}]}},"_links":{"self":[{"href":"https:\/\/www.vegaintro-projekti.com\/pilar-stari\/wp-json\/wp\/v2\/posts\/9808"}],"collection":[{"href":"https:\/\/www.vegaintro-projekti.com\/pilar-stari\/wp-json\/wp\/v2\/posts"}],"about":[{"href":"https:\/\/www.vegaintro-projekti.com\/pilar-stari\/wp-json\/wp\/v2\/types\/post"}],"author":[{"embeddable":true,"href":"https:\/\/www.vegaintro-projekti.com\/pilar-stari\/wp-json\/wp\/v2\/users\/7"}],"replies":[{"embeddable":true,"href":"https:\/\/www.vegaintro-projekti.com\/pilar-stari\/wp-json\/wp\/v2\/comments?post=9808"}],"version-history":[{"count":10,"href":"https:\/\/www.vegaintro-projekti.com\/pilar-stari\/wp-json\/wp\/v2\/posts\/9808\/revisions"}],"predecessor-version":[{"id":9880,"href":"https:\/\/www.vegaintro-projekti.com\/pilar-stari\/wp-json\/wp\/v2\/posts\/9808\/revisions\/9880"}],"wp:featuredmedia":[{"embeddable":true,"href":"https:\/\/www.vegaintro-projekti.com\/pilar-stari\/wp-json\/wp\/v2\/media\/9810"}],"wp:attachment":[{"href":"https:\/\/www.vegaintro-projekti.com\/pilar-stari\/wp-json\/wp\/v2\/media?parent=9808"}],"wp:term":[{"taxonomy":"category","embeddable":true,"href":"https:\/\/www.vegaintro-projekti.com\/pilar-stari\/wp-json\/wp\/v2\/categories?post=9808"},{"taxonomy":"post_tag","embeddable":true,"href":"https:\/\/www.vegaintro-projekti.com\/pilar-stari\/wp-json\/wp\/v2\/tags?post=9808"}],"curies":[{"name":"wp","href":"https:\/\/api.w.org\/{rel}","templated":true}]}}