{"id":9902,"date":"2018-04-25T08:07:55","date_gmt":"2018-04-25T08:07:55","guid":{"rendered":"https:\/\/www.vegaintro-projekti.com\/pilar-stari\/?p=9902"},"modified":"2019-08-22T13:47:15","modified_gmt":"2019-08-22T13:47:15","slug":"dr-sc-ljiljana-kaliterna-lipovcan-i-dr-sc-andreja-brajsa-zganec-na-zavrsnoj-konferenciji-cost-akcije-interfasol","status":"publish","type":"post","link":"https:\/\/www.vegaintro-projekti.com\/pilar-stari\/2018\/04\/dr-sc-ljiljana-kaliterna-lipovcan-i-dr-sc-andreja-brajsa-zganec-na-zavrsnoj-konferenciji-cost-akcije-interfasol\/","title":{"rendered":"Dr. sc. Ljiljana Kaliterna Lipov\u010dan i dr. sc. Andreja Braj\u0161a-\u017dganec na zavr\u0161noj konferenciji COST akcije INTERFASOL"},"content":{"rendered":"<p><strong>Dr. sc. Ljiljana Kaliterna Lipov\u010dan i dr. sc. Andreja Braj\u0161a-\u017dganec sudjelovale su na zavr\u0161noj konferenciji COST akcije INTERFASOL \u2013 Me\u0111ugeneracijska solidarnost u Europi, gdje su prezentirale rezultate projekta CRO-WELL: Hrvatsko longitudinalno istra\u017eivanje dobrobiti, koje se provodi uz financijsku potporu Hrvatske zaklade za znanost. Konferencija se odr\u017eala u Luxembourgu 19.-20. travnja 2018. &#8211;<\/strong> <a href=\"http:\/\/www.interfasol.eu\/events\/interfasol-final-conference\/\">Interfasol final conference<\/a> | <a href=\"https:\/\/www.vegaintro-projekti.com\/pilar-stari\/wp-content\/uploads\/2018\/04\/INTERFASOL_conference_POSTER.pdf\">Poster konferencije<\/a><\/p>\n<p><img decoding=\"async\" loading=\"lazy\" class=\"alignnone wp-image-9901\" src=\"https:\/\/www.vegaintro-projekti.com\/pilar-stari\/wp-content\/uploads\/2018\/04\/LjKL_1.jpg\" alt=\"\" width=\"210\" height=\"242\"><img decoding=\"async\" loading=\"lazy\" class=\"alignnone wp-image-9900\" src=\"https:\/\/www.vegaintro-projekti.com\/pilar-stari\/wp-content\/uploads\/2018\/04\/LjKL_0.jpg\" alt=\"\" width=\"410\" height=\"242\" srcset=\"https:\/\/www.vegaintro-projekti.com\/pilar-stari\/wp-content\/uploads\/2018\/04\/LjKL_0.jpg 442w, https:\/\/www.vegaintro-projekti.com\/pilar-stari\/wp-content\/uploads\/2018\/04\/LjKL_0-300x177.jpg 300w\" sizes=\"(max-width: 410px) 100vw, 410px\" \/><img decoding=\"async\" loading=\"lazy\" class=\"alignnone wp-image-9899 size-full\" src=\"https:\/\/www.vegaintro-projekti.com\/pilar-stari\/wp-content\/uploads\/2018\/04\/Lux-poster.jpg\" alt=\"\" width=\"640\" height=\"389\" srcset=\"https:\/\/www.vegaintro-projekti.com\/pilar-stari\/wp-content\/uploads\/2018\/04\/Lux-poster.jpg 640w, https:\/\/www.vegaintro-projekti.com\/pilar-stari\/wp-content\/uploads\/2018\/04\/Lux-poster-300x182.jpg 300w\" sizes=\"(max-width: 640px) 100vw, 640px\" \/><img decoding=\"async\" loading=\"lazy\" class=\"alignnone wp-image-9897 size-full\" src=\"https:\/\/www.vegaintro-projekti.com\/pilar-stari\/wp-content\/uploads\/2018\/04\/Interfasol.jpg\" alt=\"\" width=\"640\" height=\"361\" srcset=\"https:\/\/www.vegaintro-projekti.com\/pilar-stari\/wp-content\/uploads\/2018\/04\/Interfasol.jpg 640w, https:\/\/www.vegaintro-projekti.com\/pilar-stari\/wp-content\/uploads\/2018\/04\/Interfasol-300x169.jpg 300w\" sizes=\"(max-width: 640px) 100vw, 640px\" \/><\/p>\n<p><strong><span style=\"font-size: 8pt;\">Zavr\u0161na konferencija COST Akcije INTERFASOL \u2013 Me\u0111ugeneracijska solidarnost u Europi; Luxembourg 19.-20. travnja 2018.<\/span><br \/>\n<\/strong><\/p>\n<p>Rad koji su dr. sc. Ljiljana Kaliterna Lipov\u010dan i dr. sc. Andreja Braj\u0161a-\u017dganec prezentirale bavi se odnosom \u017eivotnih doga\u0111aja i dobrobiti pojedinaca razli\u010dite dobi. Zanimljivo je da su pozitivni i negativni \u017eivotni doga\u0111aji povezani sa \u017eivotnim zadovoljstvom mla\u0111ih i ljudi srednje dobi, ali ne i starijih pojedinaca. Njihovo \u017eivotno zadovoljstvo \u010dini se ne ovisi o tome \u0161to im se u \u017eivotu doga\u0111a, ve\u0107 o drugim mehanizmima.<\/p>\n<blockquote><p><a href=\"https:\/\/www.vegaintro-projekti.com\/pilar-stari\/2015\/09\/cro-well-hrvatsko-longitudialno-istrazivanje-dobrobiti\/\">Projekt CRO-WELL: Hrvatsko longitudinalno istra\u017eivanje dobrobiti<\/a><\/p><\/blockquote>\n","protected":false},"excerpt":{"rendered":"<p>Dr. sc. Ljiljana Kaliterna Lipov\u010dan i dr. sc. Andreja Braj\u0161a-\u017dganec sudjelovale su na zavr\u0161noj konferenciji COST akcije INTERFASOL \u2013 Me\u0111ugeneracijska solidarnost u Europi, gdje su prezentirale rezultate projekta CRO-WELL: Hrvatsko longitudinalno istra\u017eivanje dobrobiti, koje se provodi uz financijsku potporu Hrvatske zaklade za znanost. Konferencija se odr\u017eala u Luxembourgu 19.-20. travnja 2018. &#8211; Interfasol final conference&hellip; <a class=\"continue\" href=\"https:\/\/www.vegaintro-projekti.com\/pilar-stari\/2018\/04\/dr-sc-ljiljana-kaliterna-lipovcan-i-dr-sc-andreja-brajsa-zganec-na-zavrsnoj-konferenciji-cost-akcije-interfasol\/\">Pro\u010ditaj vi\u0161e o<span> Dr. sc. Ljiljana Kaliterna Lipov\u010dan i dr. sc. Andreja Braj\u0161a-\u017dganec na zavr\u0161noj konferenciji COST akcije INTERFASOL<\/span><\/a><\/p>\n","protected":false},"author":7,"featured_media":9897,"comment_status":"closed","ping_status":"closed","sticky":false,"template":"","format":"standard","meta":{"inline_featured_image":false,"ngg_post_thumbnail":0,"footnotes":""},"categories":[48,11],"tags":[],"yoast_head":"<!-- This site is optimized with the Yoast SEO plugin v21.2 - https:\/\/yoast.com\/wordpress\/plugins\/seo\/ -->\n<title>Dr. sc. Ljiljana Kaliterna Lipov\u010dan i dr. sc. Andreja Braj\u0161a-\u017dganec na zavr\u0161noj konferenciji COST akcije INTERFASOL - Institut dru&scaron;tvenih znanosti Ivo Pilar<\/title>\n<meta name=\"robots\" content=\"noindex, follow, max-snippet:-1, max-image-preview:large, max-video-preview:-1\" \/>\n<meta property=\"og:locale\" content=\"hr_HR\" \/>\n<meta property=\"og:type\" content=\"article\" \/>\n<meta property=\"og:title\" content=\"Dr. sc. Ljiljana Kaliterna Lipov\u010dan i dr. sc. Andreja Braj\u0161a-\u017dganec na zavr\u0161noj konferenciji COST akcije INTERFASOL - Institut dru&scaron;tvenih znanosti Ivo Pilar\" \/>\n<meta property=\"og:description\" content=\"Dr. sc. Ljiljana Kaliterna Lipov\u010dan i dr. sc. Andreja Braj\u0161a-\u017dganec sudjelovale su na zavr\u0161noj konferenciji COST akcije INTERFASOL \u2013 Me\u0111ugeneracijska solidarnost u Europi, gdje su prezentirale rezultate projekta CRO-WELL: Hrvatsko longitudinalno istra\u017eivanje dobrobiti, koje se provodi uz financijsku potporu Hrvatske zaklade za znanost. Konferencija se odr\u017eala u Luxembourgu 19.-20. travnja 2018. &#8211; Interfasol final conference&hellip; Pro\u010ditaj vi\u0161e o Dr. sc. Ljiljana Kaliterna Lipov\u010dan i dr. sc. Andreja Braj\u0161a-\u017dganec na zavr\u0161noj konferenciji COST akcije INTERFASOL\" \/>\n<meta property=\"og:url\" content=\"https:\/\/www.vegaintro-projekti.com\/pilar-stari\/2018\/04\/dr-sc-ljiljana-kaliterna-lipovcan-i-dr-sc-andreja-brajsa-zganec-na-zavrsnoj-konferenciji-cost-akcije-interfasol\/\" \/>\n<meta property=\"og:site_name\" content=\"Institut dru&scaron;tvenih znanosti Ivo Pilar\" \/>\n<meta property=\"article:published_time\" content=\"2018-04-25T08:07:55+00:00\" \/>\n<meta property=\"article:modified_time\" content=\"2019-08-22T13:47:15+00:00\" \/>\n<meta property=\"og:image\" content=\"https:\/\/www.vegaintro-projekti.com\/pilar-stari\/wp-content\/uploads\/2018\/04\/Interfasol.jpg\" \/>\n\t<meta property=\"og:image:width\" content=\"640\" \/>\n\t<meta property=\"og:image:height\" content=\"361\" \/>\n\t<meta property=\"og:image:type\" content=\"image\/jpeg\" \/>\n<meta name=\"author\" content=\"Boris\" \/>\n<meta name=\"twitter:card\" content=\"summary_large_image\" \/>\n<meta name=\"twitter:label1\" content=\"Napisao\/la\" \/>\n\t<meta name=\"twitter:data1\" content=\"Boris\" \/>\n\t<meta name=\"twitter:label2\" content=\"Procijenjeno vrijeme \u010ditanja\" \/>\n\t<meta name=\"twitter:data2\" content=\"1 minuta\" \/>\n<script type=\"application\/ld+json\" class=\"yoast-schema-graph\">{\"@context\":\"https:\/\/schema.org\",\"@graph\":[{\"@type\":\"WebPage\",\"@id\":\"https:\/\/www.vegaintro-projekti.com\/pilar-stari\/2018\/04\/dr-sc-ljiljana-kaliterna-lipovcan-i-dr-sc-andreja-brajsa-zganec-na-zavrsnoj-konferenciji-cost-akcije-interfasol\/\",\"url\":\"https:\/\/www.vegaintro-projekti.com\/pilar-stari\/2018\/04\/dr-sc-ljiljana-kaliterna-lipovcan-i-dr-sc-andreja-brajsa-zganec-na-zavrsnoj-konferenciji-cost-akcije-interfasol\/\",\"name\":\"Dr. sc. Ljiljana Kaliterna Lipov\u010dan i dr. sc. Andreja Braj\u0161a-\u017dganec na zavr\u0161noj konferenciji COST akcije INTERFASOL - Institut dru&scaron;tvenih znanosti Ivo Pilar\",\"isPartOf\":{\"@id\":\"https:\/\/www.vegaintro-projekti.com\/pilar-stari\/#website\"},\"datePublished\":\"2018-04-25T08:07:55+00:00\",\"dateModified\":\"2019-08-22T13:47:15+00:00\",\"author\":{\"@id\":\"https:\/\/www.vegaintro-projekti.com\/pilar-stari\/#\/schema\/person\/ddd404c9f1e15e4ffef5986ac6a5d28b\"},\"breadcrumb\":{\"@id\":\"https:\/\/www.vegaintro-projekti.com\/pilar-stari\/2018\/04\/dr-sc-ljiljana-kaliterna-lipovcan-i-dr-sc-andreja-brajsa-zganec-na-zavrsnoj-konferenciji-cost-akcije-interfasol\/#breadcrumb\"},\"inLanguage\":\"hr\",\"potentialAction\":[{\"@type\":\"ReadAction\",\"target\":[\"https:\/\/www.vegaintro-projekti.com\/pilar-stari\/2018\/04\/dr-sc-ljiljana-kaliterna-lipovcan-i-dr-sc-andreja-brajsa-zganec-na-zavrsnoj-konferenciji-cost-akcije-interfasol\/\"]}]},{\"@type\":\"BreadcrumbList\",\"@id\":\"https:\/\/www.vegaintro-projekti.com\/pilar-stari\/2018\/04\/dr-sc-ljiljana-kaliterna-lipovcan-i-dr-sc-andreja-brajsa-zganec-na-zavrsnoj-konferenciji-cost-akcije-interfasol\/#breadcrumb\",\"itemListElement\":[{\"@type\":\"ListItem\",\"position\":1,\"name\":\"Home\",\"item\":\"https:\/\/www.vegaintro-projekti.com\/pilar-stari\/\"},{\"@type\":\"ListItem\",\"position\":2,\"name\":\"Dr. sc. Ljiljana Kaliterna Lipov\u010dan i dr. sc. Andreja Braj\u0161a-\u017dganec na zavr\u0161noj konferenciji COST akcije INTERFASOL\"}]},{\"@type\":\"WebSite\",\"@id\":\"https:\/\/www.vegaintro-projekti.com\/pilar-stari\/#website\",\"url\":\"https:\/\/www.vegaintro-projekti.com\/pilar-stari\/\",\"name\":\"Institut dru&scaron;tvenih znanosti Ivo Pilar\",\"description\":\"Pilar\",\"potentialAction\":[{\"@type\":\"SearchAction\",\"target\":{\"@type\":\"EntryPoint\",\"urlTemplate\":\"https:\/\/www.vegaintro-projekti.com\/pilar-stari\/?s={search_term_string}\"},\"query-input\":\"required name=search_term_string\"}],\"inLanguage\":\"hr\"},{\"@type\":\"Person\",\"@id\":\"https:\/\/www.vegaintro-projekti.com\/pilar-stari\/#\/schema\/person\/ddd404c9f1e15e4ffef5986ac6a5d28b\",\"name\":\"Boris\",\"image\":{\"@type\":\"ImageObject\",\"inLanguage\":\"hr\",\"@id\":\"https:\/\/www.vegaintro-projekti.com\/pilar-stari\/#\/schema\/person\/image\/\",\"url\":\"https:\/\/secure.gravatar.com\/avatar\/29557b161a6ce6ab86ac1503164f1e90?s=96&d=mm&r=g\",\"contentUrl\":\"https:\/\/secure.gravatar.com\/avatar\/29557b161a6ce6ab86ac1503164f1e90?s=96&d=mm&r=g\",\"caption\":\"Boris\"},\"url\":\"https:\/\/www.vegaintro-projekti.com\/pilar-stari\/author\/boris\/\"}]}<\/script>\n<!-- \/ Yoast SEO plugin. -->","yoast_head_json":{"title":"Dr. sc. Ljiljana Kaliterna Lipov\u010dan i dr. sc. Andreja Braj\u0161a-\u017dganec na zavr\u0161noj konferenciji COST akcije INTERFASOL - Institut dru&scaron;tvenih znanosti Ivo Pilar","robots":{"index":"noindex","follow":"follow","max-snippet":"max-snippet:-1","max-image-preview":"max-image-preview:large","max-video-preview":"max-video-preview:-1"},"og_locale":"hr_HR","og_type":"article","og_title":"Dr. sc. Ljiljana Kaliterna Lipov\u010dan i dr. sc. Andreja Braj\u0161a-\u017dganec na zavr\u0161noj konferenciji COST akcije INTERFASOL - Institut dru&scaron;tvenih znanosti Ivo Pilar","og_description":"Dr. sc. Ljiljana Kaliterna Lipov\u010dan i dr. sc. Andreja Braj\u0161a-\u017dganec sudjelovale su na zavr\u0161noj konferenciji COST akcije INTERFASOL \u2013 Me\u0111ugeneracijska solidarnost u Europi, gdje su prezentirale rezultate projekta CRO-WELL: Hrvatsko longitudinalno istra\u017eivanje dobrobiti, koje se provodi uz financijsku potporu Hrvatske zaklade za znanost. Konferencija se odr\u017eala u Luxembourgu 19.-20. travnja 2018. &#8211; Interfasol final conference&hellip; Pro\u010ditaj vi\u0161e o Dr. sc. Ljiljana Kaliterna Lipov\u010dan i dr. sc. Andreja Braj\u0161a-\u017dganec na zavr\u0161noj konferenciji COST akcije INTERFASOL","og_url":"https:\/\/www.vegaintro-projekti.com\/pilar-stari\/2018\/04\/dr-sc-ljiljana-kaliterna-lipovcan-i-dr-sc-andreja-brajsa-zganec-na-zavrsnoj-konferenciji-cost-akcije-interfasol\/","og_site_name":"Institut dru&scaron;tvenih znanosti Ivo Pilar","article_published_time":"2018-04-25T08:07:55+00:00","article_modified_time":"2019-08-22T13:47:15+00:00","og_image":[{"width":640,"height":361,"url":"https:\/\/www.vegaintro-projekti.com\/pilar-stari\/wp-content\/uploads\/2018\/04\/Interfasol.jpg","type":"image\/jpeg"}],"author":"Boris","twitter_card":"summary_large_image","twitter_misc":{"Napisao\/la":"Boris","Procijenjeno vrijeme \u010ditanja":"1 minuta"},"schema":{"@context":"https:\/\/schema.org","@graph":[{"@type":"WebPage","@id":"https:\/\/www.vegaintro-projekti.com\/pilar-stari\/2018\/04\/dr-sc-ljiljana-kaliterna-lipovcan-i-dr-sc-andreja-brajsa-zganec-na-zavrsnoj-konferenciji-cost-akcije-interfasol\/","url":"https:\/\/www.vegaintro-projekti.com\/pilar-stari\/2018\/04\/dr-sc-ljiljana-kaliterna-lipovcan-i-dr-sc-andreja-brajsa-zganec-na-zavrsnoj-konferenciji-cost-akcije-interfasol\/","name":"Dr. sc. Ljiljana Kaliterna Lipov\u010dan i dr. sc. Andreja Braj\u0161a-\u017dganec na zavr\u0161noj konferenciji COST akcije INTERFASOL - Institut dru&scaron;tvenih znanosti Ivo Pilar","isPartOf":{"@id":"https:\/\/www.vegaintro-projekti.com\/pilar-stari\/#website"},"datePublished":"2018-04-25T08:07:55+00:00","dateModified":"2019-08-22T13:47:15+00:00","author":{"@id":"https:\/\/www.vegaintro-projekti.com\/pilar-stari\/#\/schema\/person\/ddd404c9f1e15e4ffef5986ac6a5d28b"},"breadcrumb":{"@id":"https:\/\/www.vegaintro-projekti.com\/pilar-stari\/2018\/04\/dr-sc-ljiljana-kaliterna-lipovcan-i-dr-sc-andreja-brajsa-zganec-na-zavrsnoj-konferenciji-cost-akcije-interfasol\/#breadcrumb"},"inLanguage":"hr","potentialAction":[{"@type":"ReadAction","target":["https:\/\/www.vegaintro-projekti.com\/pilar-stari\/2018\/04\/dr-sc-ljiljana-kaliterna-lipovcan-i-dr-sc-andreja-brajsa-zganec-na-zavrsnoj-konferenciji-cost-akcije-interfasol\/"]}]},{"@type":"BreadcrumbList","@id":"https:\/\/www.vegaintro-projekti.com\/pilar-stari\/2018\/04\/dr-sc-ljiljana-kaliterna-lipovcan-i-dr-sc-andreja-brajsa-zganec-na-zavrsnoj-konferenciji-cost-akcije-interfasol\/#breadcrumb","itemListElement":[{"@type":"ListItem","position":1,"name":"Home","item":"https:\/\/www.vegaintro-projekti.com\/pilar-stari\/"},{"@type":"ListItem","position":2,"name":"Dr. sc. Ljiljana Kaliterna Lipov\u010dan i dr. sc. Andreja Braj\u0161a-\u017dganec na zavr\u0161noj konferenciji COST akcije INTERFASOL"}]},{"@type":"WebSite","@id":"https:\/\/www.vegaintro-projekti.com\/pilar-stari\/#website","url":"https:\/\/www.vegaintro-projekti.com\/pilar-stari\/","name":"Institut dru&scaron;tvenih znanosti Ivo Pilar","description":"Pilar","potentialAction":[{"@type":"SearchAction","target":{"@type":"EntryPoint","urlTemplate":"https:\/\/www.vegaintro-projekti.com\/pilar-stari\/?s={search_term_string}"},"query-input":"required name=search_term_string"}],"inLanguage":"hr"},{"@type":"Person","@id":"https:\/\/www.vegaintro-projekti.com\/pilar-stari\/#\/schema\/person\/ddd404c9f1e15e4ffef5986ac6a5d28b","name":"Boris","image":{"@type":"ImageObject","inLanguage":"hr","@id":"https:\/\/www.vegaintro-projekti.com\/pilar-stari\/#\/schema\/person\/image\/","url":"https:\/\/secure.gravatar.com\/avatar\/29557b161a6ce6ab86ac1503164f1e90?s=96&d=mm&r=g","contentUrl":"https:\/\/secure.gravatar.com\/avatar\/29557b161a6ce6ab86ac1503164f1e90?s=96&d=mm&r=g","caption":"Boris"},"url":"https:\/\/www.vegaintro-projekti.com\/pilar-stari\/author\/boris\/"}]}},"_links":{"self":[{"href":"https:\/\/www.vegaintro-projekti.com\/pilar-stari\/wp-json\/wp\/v2\/posts\/9902"}],"collection":[{"href":"https:\/\/www.vegaintro-projekti.com\/pilar-stari\/wp-json\/wp\/v2\/posts"}],"about":[{"href":"https:\/\/www.vegaintro-projekti.com\/pilar-stari\/wp-json\/wp\/v2\/types\/post"}],"author":[{"embeddable":true,"href":"https:\/\/www.vegaintro-projekti.com\/pilar-stari\/wp-json\/wp\/v2\/users\/7"}],"replies":[{"embeddable":true,"href":"https:\/\/www.vegaintro-projekti.com\/pilar-stari\/wp-json\/wp\/v2\/comments?post=9902"}],"version-history":[{"count":11,"href":"https:\/\/www.vegaintro-projekti.com\/pilar-stari\/wp-json\/wp\/v2\/posts\/9902\/revisions"}],"predecessor-version":[{"id":9913,"href":"https:\/\/www.vegaintro-projekti.com\/pilar-stari\/wp-json\/wp\/v2\/posts\/9902\/revisions\/9913"}],"wp:featuredmedia":[{"embeddable":true,"href":"https:\/\/www.vegaintro-projekti.com\/pilar-stari\/wp-json\/wp\/v2\/media\/9897"}],"wp:attachment":[{"href":"https:\/\/www.vegaintro-projekti.com\/pilar-stari\/wp-json\/wp\/v2\/media?parent=9902"}],"wp:term":[{"taxonomy":"category","embeddable":true,"href":"https:\/\/www.vegaintro-projekti.com\/pilar-stari\/wp-json\/wp\/v2\/categories?post=9902"},{"taxonomy":"post_tag","embeddable":true,"href":"https:\/\/www.vegaintro-projekti.com\/pilar-stari\/wp-json\/wp\/v2\/tags?post=9902"}],"curies":[{"name":"wp","href":"https:\/\/api.w.org\/{rel}","templated":true}]}}